{"id":1233,"date":"2019-10-17T21:42:55","date_gmt":"2019-10-17T21:42:55","guid":{"rendered":"https:\/\/www.hansen-optic.ch\/?p=1233"},"modified":"2021-01-17T18:42:40","modified_gmt":"2021-01-17T18:42:40","slug":"coup-de-coeur-du-moment","status":"publish","type":"post","link":"https:\/\/www.hansen-optic.ch\/de\/evenements\/coup-de-coeur-du-moment\/","title":{"rendered":"Coup de coeur du moment !"},"content":{"rendered":"<div data-elementor-type=\"wp-post\" data-elementor-id=\"1233\" class=\"elementor elementor-1233\" data-elementor-post-type=\"post\">\n\t\t\t\t\t\t<section class=\"elementor-section elementor-top-section elementor-element elementor-element-4b407f1 elementor-section-boxed elementor-section-height-default elementor-section-height-default\" data-id=\"4b407f1\" data-element_type=\"section\">\n\t\t\t\t\t\t<div class=\"elementor-container elementor-column-gap-default\">\n\t\t\t\t\t<div class=\"elementor-column elementor-col-33 elementor-top-column elementor-element elementor-element-3d5e49b\" data-id=\"3d5e49b\" data-element_type=\"column\">\n\t\t\t<div class=\"elementor-widget-wrap elementor-element-populated\">\n\t\t\t\t\t\t<div class=\"elementor-element elementor-element-2b30c30 elementor-widget elementor-widget-image\" data-id=\"2b30c30\" data-element_type=\"widget\" data-widget_type=\"image.default\">\n\t\t\t\t<div class=\"elementor-widget-container\">\n\t\t\t\t\t\t\t\t\t\t\t\t\t\t\t<img decoding=\"async\" width=\"180\" height=\"270\" src=\"https:\/\/www.hansen-optic.ch\/wp-content\/uploads\/2019\/10\/CH-Optique.jpg\" class=\"attachment-large size-large wp-image-1236\" alt=\"\" srcset=\"https:\/\/www.hansen-optic.ch\/wp-content\/uploads\/2019\/10\/CH-Optique.jpg 180w, https:\/\/www.hansen-optic.ch\/wp-content\/uploads\/2019\/10\/CH-Optique-8x12.jpg 8w\" sizes=\"(max-width: 180px) 100vw, 180px\" \/>\t\t\t\t\t\t\t\t\t\t\t\t\t\t\t<\/div>\n\t\t\t\t<\/div>\n\t\t\t\t\t<\/div>\n\t\t<\/div>\n\t\t\t\t<div class=\"elementor-column elementor-col-33 elementor-top-column elementor-element elementor-element-bd82d59\" data-id=\"bd82d59\" data-element_type=\"column\">\n\t\t\t<div class=\"elementor-widget-wrap elementor-element-populated\">\n\t\t\t\t\t\t<div class=\"elementor-element elementor-element-11558e8 elementor-widget elementor-widget-image\" data-id=\"11558e8\" data-element_type=\"widget\" data-widget_type=\"image.default\">\n\t\t\t\t<div class=\"elementor-widget-container\">\n\t\t\t\t\t\t\t\t\t\t\t\t\t\t\t<img fetchpriority=\"high\" decoding=\"async\" width=\"499\" height=\"374\" src=\"https:\/\/www.hansen-optic.ch\/wp-content\/uploads\/uploads\/2019\/10\/carolina_opt-f.png\" class=\"attachment-large size-large wp-image-1248\" alt=\"\" srcset=\"https:\/\/www.hansen-optic.ch\/wp-content\/uploads\/2019\/10\/carolina_opt-f.png 499w, https:\/\/www.hansen-optic.ch\/wp-content\/uploads\/2019\/10\/carolina_opt-f-300x225.png 300w\" sizes=\"(max-width: 499px) 100vw, 499px\" \/>\t\t\t\t\t\t\t\t\t\t\t\t\t\t\t<\/div>\n\t\t\t\t<\/div>\n\t\t\t\t\t<\/div>\n\t\t<\/div>\n\t\t\t\t<div class=\"elementor-column elementor-col-33 elementor-top-column elementor-element elementor-element-1e3ec84\" data-id=\"1e3ec84\" data-element_type=\"column\">\n\t\t\t<div class=\"elementor-widget-wrap elementor-element-populated\">\n\t\t\t\t\t\t<div class=\"elementor-element elementor-element-0cd5501 elementor-widget elementor-widget-image\" data-id=\"0cd5501\" data-element_type=\"widget\" data-widget_type=\"image.default\">\n\t\t\t\t<div class=\"elementor-widget-container\">\n\t\t\t\t\t\t\t\t\t\t\t\t\t\t\t<img decoding=\"async\" width=\"180\" height=\"270\" src=\"https:\/\/www.hansen-optic.ch\/wp-content\/uploads\/2019\/10\/CH-solaire.jpg\" class=\"attachment-large size-large wp-image-1237\" alt=\"\" srcset=\"https:\/\/www.hansen-optic.ch\/wp-content\/uploads\/2019\/10\/CH-solaire.jpg 180w, https:\/\/www.hansen-optic.ch\/wp-content\/uploads\/2019\/10\/CH-solaire-8x12.jpg 8w\" sizes=\"(max-width: 180px) 100vw, 180px\" \/>\t\t\t\t\t\t\t\t\t\t\t\t\t\t\t<\/div>\n\t\t\t\t<\/div>\n\t\t\t\t\t<\/div>\n\t\t<\/div>\n\t\t\t\t\t<\/div>\n\t\t<\/section>\n\t\t\t\t<section class=\"elementor-section elementor-top-section elementor-element elementor-element-2e2db225 elementor-section-boxed elementor-section-height-default elementor-section-height-default\" data-id=\"2e2db225\" data-element_type=\"section\">\n\t\t\t\t\t\t<div class=\"elementor-container elementor-column-gap-default\">\n\t\t\t\t\t<div class=\"elementor-column elementor-col-100 elementor-top-column elementor-element elementor-element-374ff6f6\" data-id=\"374ff6f6\" data-element_type=\"column\">\n\t\t\t<div class=\"elementor-widget-wrap elementor-element-populated\">\n\t\t\t\t\t\t<div class=\"elementor-element elementor-element-2383f09e elementor-widget elementor-widget-text-editor\" data-id=\"2383f09e\" data-element_type=\"widget\" data-widget_type=\"text-editor.default\">\n\t\t\t\t<div class=\"elementor-widget-container\">\n\t\t\t\t\t\t\t\t\t<p><\/p>\n<p>Mar\u00eda Carolina Josefina Pacanins y Ni\u00f1o, n\u00e9e le 8 janvier <a href=\"https:\/\/fr.wikipedia.org\/wiki\/1939\">1939<\/a> \u00e0 <a href=\"https:\/\/fr.wikipedia.org\/wiki\/Caracas\">Caracas<\/a> et devenue <strong>Carolina Herrera <\/strong>apr\u00e8s son mariage avec Reinaldo Herrera, est une <a href=\"https:\/\/fr.wikipedia.org\/wiki\/Styliste\">styliste<\/a><a href=\"https:\/\/fr.wikipedia.org\/wiki\/Venezuela\"> v\u00e9n\u00e9zuelienne<\/a>. Elle fonde la compagnie portant son nom en 1980.<\/p>\n<p><\/p>\n<p><\/p>\n<div class=\"wp-block-image\">\n<figure class=\"alignright is-resized\"><img loading=\"lazy\" decoding=\"async\" class=\"wp-image-1234\" src=\"https:\/\/www.hansen-optic.ch\/wp-content\/uploads\/2019\/10\/Capture-d\u2019e\u0301cran-2019-10-17-a\u0300-23.16.55.png\" alt=\"\" width=\"261\" height=\"270\" srcset=\"https:\/\/www.hansen-optic.ch\/wp-content\/uploads\/2019\/10\/Capture-d\u2019e\u0301cran-2019-10-17-a\u0300-23.16.55.png 589w, https:\/\/www.hansen-optic.ch\/wp-content\/uploads\/2019\/10\/Capture-d\u2019e\u0301cran-2019-10-17-a\u0300-23.16.55-290x300.png 290w\" sizes=\"(max-width: 261px) 100vw, 261px\" \/>\n<p>\u00a0<\/p>\n<figcaption>Carolina Herrera<\/figcaption>\n<\/figure>\n<\/div>\n<p><\/p>\n<p><\/p>\n<p>Elle a travaill\u00e9 \u00e0 la boutique <a href=\"https:\/\/fr.wikipedia.org\/wiki\/Emilio_Pucci\">Pucci<\/a> de Caracas et a \u00e9t\u00e9 l&rsquo;ambassadrice de la marque.<\/p>\n<p><\/p>\n<p><\/p>\n<p>En 1980, Carolina Herrera fonda son empire avec un grand succ\u00e8s international. \u00c9tablie \u00e0 Ney York depuis 1981. Son premier d\u00e9fil\u00e9 a lieu au Metropolitan Club et est un succ\u00e8s. Son empire a grandi rapidement et efficacement lorsqu&rsquo;elle commen\u00e7a \u00e0 cr\u00e9er les robes de Jacqueline Onnasis, qu&rsquo;elle habilla pendant les douze derni\u00e8res ann\u00e9es de sa vie.<\/p>\n<p><\/p>\n<p><\/p>\n<p>Dans les ann\u00e9es 1980, elle conclut un accord avec la compagnie Puig pour la cr\u00e9ation et commercialisation de tous ses parfums. En 1995, cette entreprise a aussi int\u00e9gr\u00e9 la section de pr\u00eat-\u00e0-porter de la cr\u00e9atrice.<\/p>\n<p><\/p>\n<p><\/p>\n<p>Andy Warhol a r\u00e9alis\u00e9 un portrait d&rsquo;elle, qu&rsquo;elle acheta en lui donnant une minaudi\u00e8re en or et diamants de chez Van Cleef &amp; Arpels.<\/p>\n<p><\/p>\t\t\t\t\t\t\t\t<\/div>\n\t\t\t\t<\/div>\n\t\t\t\t\t<\/div>\n\t\t<\/div>\n\t\t\t\t\t<\/div>\n\t\t<\/section>\n\t\t\t\t<\/div>","protected":false},"excerpt":{"rendered":"<p>Mar\u00eda Carolina Josefina Pacanins y Ni\u00f1o, n\u00e9e le 8 janvier 1939 \u00e0 Caracas et devenue Carolina Herrera apr\u00e8s son mariage avec Reinaldo Herrera, est une styliste v\u00e9n\u00e9zuelienne. Elle fonde la compagnie portant son nom en 1980. Elle a travaill\u00e9 \u00e0 la boutique Pucci de Caracas et a \u00e9t\u00e9 l&rsquo;ambassadrice de la marque. En 1980, Carolina [&hellip;]<\/p>","protected":false},"author":1,"featured_media":1611,"comment_status":"closed","ping_status":"open","sticky":false,"template":"","format":"standard","meta":{"footnotes":""},"categories":[23,4],"tags":[],"class_list":["post-1233","post","type-post","status-publish","format-standard","has-post-thumbnail","hentry","category-archives","category-evenements"],"yoast_head":"<!-- This site is optimized with the Yoast SEO plugin v25.8 - https:\/\/yoast.com\/wordpress\/plugins\/seo\/ -->\r\n<title>Coup de coeur du moment ! &#8226; Hansen-Optique SA<\/title>\r\n<meta name=\"robots\" content=\"index, follow, max-snippet:-1, max-image-preview:large, max-video-preview:-1\" \/>\r\n<link rel=\"canonical\" href=\"https:\/\/www.hansen-optic.ch\/de\/evenements\/coup-de-coeur-du-moment\/\" \/>\r\n<meta property=\"og:locale\" content=\"de_DE\" \/>\r\n<meta property=\"og:type\" content=\"article\" \/>\r\n<meta property=\"og:title\" content=\"Coup de coeur du moment ! &#8226; Hansen-Optique SA\" \/>\r\n<meta property=\"og:description\" content=\"Mar\u00eda Carolina Josefina Pacanins y Ni\u00f1o, n\u00e9e le 8 janvier 1939 \u00e0 Caracas et devenue Carolina Herrera apr\u00e8s son mariage avec Reinaldo Herrera, est une styliste v\u00e9n\u00e9zuelienne. Elle fonde la compagnie portant son nom en 1980. Elle a travaill\u00e9 \u00e0 la boutique Pucci de Caracas et a \u00e9t\u00e9 l&rsquo;ambassadrice de la marque. En 1980, Carolina [&hellip;]\" \/>\r\n<meta property=\"og:url\" content=\"https:\/\/www.hansen-optic.ch\/de\/evenements\/coup-de-coeur-du-moment\/\" \/>\r\n<meta property=\"og:site_name\" content=\"Hansen-Optique SA\" \/>\r\n<meta property=\"article:publisher\" content=\"https:\/\/www.facebook.com\/HansenOptiqueSierre\/\" \/>\r\n<meta property=\"article:published_time\" content=\"2019-10-17T21:42:55+00:00\" \/>\r\n<meta property=\"article:modified_time\" content=\"2021-01-17T18:42:40+00:00\" \/>\r\n<meta property=\"og:image\" content=\"https:\/\/www.hansen-optic.ch\/wp-content\/uploads\/2019\/10\/Capture-de\u0301cran-2020-11-21-a\u0300-15.35.22.png\" \/>\r\n\t<meta property=\"og:image:width\" content=\"372\" \/>\r\n\t<meta property=\"og:image:height\" content=\"376\" \/>\r\n\t<meta property=\"og:image:type\" content=\"image\/png\" \/>\r\n<meta name=\"author\" content=\"admin\" \/>\r\n<meta name=\"twitter:card\" content=\"summary_large_image\" \/>\r\n<meta name=\"twitter:label1\" content=\"Verfasst von\" \/>\n\t<meta name=\"twitter:data1\" content=\"admin\" \/>\n\t<meta name=\"twitter:label2\" content=\"Gesch\u00e4tzte Lesezeit\" \/>\n\t<meta name=\"twitter:data2\" content=\"1\u00a0Minute\" \/>\r\n<script type=\"application\/ld+json\" class=\"yoast-schema-graph\">{\"@context\":\"https:\/\/schema.org\",\"@graph\":[{\"@type\":\"Article\",\"@id\":\"https:\/\/www.hansen-optic.ch\/evenements\/coup-de-coeur-du-moment\/#article\",\"isPartOf\":{\"@id\":\"https:\/\/www.hansen-optic.ch\/evenements\/coup-de-coeur-du-moment\/\"},\"author\":{\"name\":\"admin\",\"@id\":\"https:\/\/www.hansen-optic.ch\/#\/schema\/person\/fd6708d4c6466fbdccbb93bd14b69522\"},\"headline\":\"Coup de coeur du moment !\",\"datePublished\":\"2019-10-17T21:42:55+00:00\",\"dateModified\":\"2021-01-17T18:42:40+00:00\",\"mainEntityOfPage\":{\"@id\":\"https:\/\/www.hansen-optic.ch\/evenements\/coup-de-coeur-du-moment\/\"},\"wordCount\":189,\"publisher\":{\"@id\":\"https:\/\/www.hansen-optic.ch\/#organization\"},\"image\":{\"@id\":\"https:\/\/www.hansen-optic.ch\/evenements\/coup-de-coeur-du-moment\/#primaryimage\"},\"thumbnailUrl\":\"https:\/\/www.hansen-optic.ch\/wp-content\/uploads\/uploads\/2019\/10\/Capture-de\u0301cran-2020-11-21-a\u0300-15.35.22.png\",\"articleSection\":[\"Archives\",\"Ev\u00e9nements\"],\"inLanguage\":\"de\"},{\"@type\":\"WebPage\",\"@id\":\"https:\/\/www.hansen-optic.ch\/evenements\/coup-de-coeur-du-moment\/\",\"url\":\"https:\/\/www.hansen-optic.ch\/evenements\/coup-de-coeur-du-moment\/\",\"name\":\"Coup de coeur du moment ! &#8226; Hansen-Optique SA\",\"isPartOf\":{\"@id\":\"https:\/\/www.hansen-optic.ch\/#website\"},\"primaryImageOfPage\":{\"@id\":\"https:\/\/www.hansen-optic.ch\/evenements\/coup-de-coeur-du-moment\/#primaryimage\"},\"image\":{\"@id\":\"https:\/\/www.hansen-optic.ch\/evenements\/coup-de-coeur-du-moment\/#primaryimage\"},\"thumbnailUrl\":\"https:\/\/www.hansen-optic.ch\/wp-content\/uploads\/uploads\/2019\/10\/Capture-de\u0301cran-2020-11-21-a\u0300-15.35.22.png\",\"datePublished\":\"2019-10-17T21:42:55+00:00\",\"dateModified\":\"2021-01-17T18:42:40+00:00\",\"breadcrumb\":{\"@id\":\"https:\/\/www.hansen-optic.ch\/evenements\/coup-de-coeur-du-moment\/#breadcrumb\"},\"inLanguage\":\"de\",\"potentialAction\":[{\"@type\":\"ReadAction\",\"target\":[\"https:\/\/www.hansen-optic.ch\/evenements\/coup-de-coeur-du-moment\/\"]}]},{\"@type\":\"ImageObject\",\"inLanguage\":\"de\",\"@id\":\"https:\/\/www.hansen-optic.ch\/evenements\/coup-de-coeur-du-moment\/#primaryimage\",\"url\":\"https:\/\/www.hansen-optic.ch\/wp-content\/uploads\/uploads\/2019\/10\/Capture-de\u0301cran-2020-11-21-a\u0300-15.35.22.png\",\"contentUrl\":\"https:\/\/www.hansen-optic.ch\/wp-content\/uploads\/uploads\/2019\/10\/Capture-de\u0301cran-2020-11-21-a\u0300-15.35.22.png\",\"width\":372,\"height\":376},{\"@type\":\"BreadcrumbList\",\"@id\":\"https:\/\/www.hansen-optic.ch\/evenements\/coup-de-coeur-du-moment\/#breadcrumb\",\"itemListElement\":[{\"@type\":\"ListItem\",\"position\":1,\"name\":\"Home\",\"item\":\"https:\/\/www.hansen-optic.ch\/\"},{\"@type\":\"ListItem\",\"position\":2,\"name\":\"Coup de coeur du moment !\"}]},{\"@type\":\"WebSite\",\"@id\":\"https:\/\/www.hansen-optic.ch\/#website\",\"url\":\"https:\/\/www.hansen-optic.ch\/\",\"name\":\"Hansen-Optique SA\",\"description\":\"Qualit\u00e9 | Pr\u00e9cision | Proximit\u00e9 - Voyez mieux, vivez mieux!\",\"publisher\":{\"@id\":\"https:\/\/www.hansen-optic.ch\/#organization\"},\"potentialAction\":[{\"@type\":\"SearchAction\",\"target\":{\"@type\":\"EntryPoint\",\"urlTemplate\":\"https:\/\/www.hansen-optic.ch\/?s={search_term_string}\"},\"query-input\":{\"@type\":\"PropertyValueSpecification\",\"valueRequired\":true,\"valueName\":\"search_term_string\"}}],\"inLanguage\":\"de\"},{\"@type\":\"Organization\",\"@id\":\"https:\/\/www.hansen-optic.ch\/#organization\",\"name\":\"Hansen Optique SA\",\"url\":\"https:\/\/www.hansen-optic.ch\/\",\"logo\":{\"@type\":\"ImageObject\",\"inLanguage\":\"de\",\"@id\":\"https:\/\/www.hansen-optic.ch\/#\/schema\/logo\/image\/\",\"url\":\"https:\/\/www.hansen-optic.ch\/wp-content\/uploads\/2025\/06\/Hansen_optique-lunetterie-sierre.png\",\"contentUrl\":\"https:\/\/www.hansen-optic.ch\/wp-content\/uploads\/2025\/06\/Hansen_optique-lunetterie-sierre.png\",\"width\":1082,\"height\":258,\"caption\":\"Hansen Optique SA\"},\"image\":{\"@id\":\"https:\/\/www.hansen-optic.ch\/#\/schema\/logo\/image\/\"},\"sameAs\":[\"https:\/\/www.facebook.com\/HansenOptiqueSierre\/\",\"https:\/\/www.instagram.com\/hansen_optique_sa\/\"]},{\"@type\":\"Person\",\"@id\":\"https:\/\/www.hansen-optic.ch\/#\/schema\/person\/fd6708d4c6466fbdccbb93bd14b69522\",\"name\":\"admin\",\"image\":{\"@type\":\"ImageObject\",\"inLanguage\":\"de\",\"@id\":\"https:\/\/www.hansen-optic.ch\/#\/schema\/person\/image\/\",\"url\":\"https:\/\/secure.gravatar.com\/avatar\/954f05d308ef9edab2a00891c03ea7134632d97137acfa846d45f5d3c8aa02f0?s=96&d=mm&r=g\",\"contentUrl\":\"https:\/\/secure.gravatar.com\/avatar\/954f05d308ef9edab2a00891c03ea7134632d97137acfa846d45f5d3c8aa02f0?s=96&d=mm&r=g\",\"caption\":\"admin\"}}]}<\/script>\r\n<!-- \/ Yoast SEO plugin. -->","yoast_head_json":{"title":"Coup de coeur du moment ! &#8226; Hansen-Optique SA","robots":{"index":"index","follow":"follow","max-snippet":"max-snippet:-1","max-image-preview":"max-image-preview:large","max-video-preview":"max-video-preview:-1"},"canonical":"https:\/\/www.hansen-optic.ch\/de\/evenements\/coup-de-coeur-du-moment\/","og_locale":"de_DE","og_type":"article","og_title":"Coup de coeur du moment ! &#8226; Hansen-Optique SA","og_description":"Mar\u00eda Carolina Josefina Pacanins y Ni\u00f1o, n\u00e9e le 8 janvier 1939 \u00e0 Caracas et devenue Carolina Herrera apr\u00e8s son mariage avec Reinaldo Herrera, est une styliste v\u00e9n\u00e9zuelienne. Elle fonde la compagnie portant son nom en 1980. Elle a travaill\u00e9 \u00e0 la boutique Pucci de Caracas et a \u00e9t\u00e9 l&rsquo;ambassadrice de la marque. En 1980, Carolina [&hellip;]","og_url":"https:\/\/www.hansen-optic.ch\/de\/evenements\/coup-de-coeur-du-moment\/","og_site_name":"Hansen-Optique SA","article_publisher":"https:\/\/www.facebook.com\/HansenOptiqueSierre\/","article_published_time":"2019-10-17T21:42:55+00:00","article_modified_time":"2021-01-17T18:42:40+00:00","og_image":[{"width":372,"height":376,"url":"https:\/\/www.hansen-optic.ch\/wp-content\/uploads\/2019\/10\/Capture-de\u0301cran-2020-11-21-a\u0300-15.35.22.png","type":"image\/png"}],"author":"admin","twitter_card":"summary_large_image","twitter_misc":{"Verfasst von":"admin","Gesch\u00e4tzte Lesezeit":"1\u00a0Minute"},"schema":{"@context":"https:\/\/schema.org","@graph":[{"@type":"Article","@id":"https:\/\/www.hansen-optic.ch\/evenements\/coup-de-coeur-du-moment\/#article","isPartOf":{"@id":"https:\/\/www.hansen-optic.ch\/evenements\/coup-de-coeur-du-moment\/"},"author":{"name":"admin","@id":"https:\/\/www.hansen-optic.ch\/#\/schema\/person\/fd6708d4c6466fbdccbb93bd14b69522"},"headline":"Coup de coeur du moment !","datePublished":"2019-10-17T21:42:55+00:00","dateModified":"2021-01-17T18:42:40+00:00","mainEntityOfPage":{"@id":"https:\/\/www.hansen-optic.ch\/evenements\/coup-de-coeur-du-moment\/"},"wordCount":189,"publisher":{"@id":"https:\/\/www.hansen-optic.ch\/#organization"},"image":{"@id":"https:\/\/www.hansen-optic.ch\/evenements\/coup-de-coeur-du-moment\/#primaryimage"},"thumbnailUrl":"https:\/\/www.hansen-optic.ch\/wp-content\/uploads\/uploads\/2019\/10\/Capture-de\u0301cran-2020-11-21-a\u0300-15.35.22.png","articleSection":["Archives","Ev\u00e9nements"],"inLanguage":"de"},{"@type":"WebPage","@id":"https:\/\/www.hansen-optic.ch\/evenements\/coup-de-coeur-du-moment\/","url":"https:\/\/www.hansen-optic.ch\/evenements\/coup-de-coeur-du-moment\/","name":"Coup de coeur du moment ! &#8226; Hansen-Optique SA","isPartOf":{"@id":"https:\/\/www.hansen-optic.ch\/#website"},"primaryImageOfPage":{"@id":"https:\/\/www.hansen-optic.ch\/evenements\/coup-de-coeur-du-moment\/#primaryimage"},"image":{"@id":"https:\/\/www.hansen-optic.ch\/evenements\/coup-de-coeur-du-moment\/#primaryimage"},"thumbnailUrl":"https:\/\/www.hansen-optic.ch\/wp-content\/uploads\/uploads\/2019\/10\/Capture-de\u0301cran-2020-11-21-a\u0300-15.35.22.png","datePublished":"2019-10-17T21:42:55+00:00","dateModified":"2021-01-17T18:42:40+00:00","breadcrumb":{"@id":"https:\/\/www.hansen-optic.ch\/evenements\/coup-de-coeur-du-moment\/#breadcrumb"},"inLanguage":"de","potentialAction":[{"@type":"ReadAction","target":["https:\/\/www.hansen-optic.ch\/evenements\/coup-de-coeur-du-moment\/"]}]},{"@type":"ImageObject","inLanguage":"de","@id":"https:\/\/www.hansen-optic.ch\/evenements\/coup-de-coeur-du-moment\/#primaryimage","url":"https:\/\/www.hansen-optic.ch\/wp-content\/uploads\/uploads\/2019\/10\/Capture-de\u0301cran-2020-11-21-a\u0300-15.35.22.png","contentUrl":"https:\/\/www.hansen-optic.ch\/wp-content\/uploads\/uploads\/2019\/10\/Capture-de\u0301cran-2020-11-21-a\u0300-15.35.22.png","width":372,"height":376},{"@type":"BreadcrumbList","@id":"https:\/\/www.hansen-optic.ch\/evenements\/coup-de-coeur-du-moment\/#breadcrumb","itemListElement":[{"@type":"ListItem","position":1,"name":"Home","item":"https:\/\/www.hansen-optic.ch\/"},{"@type":"ListItem","position":2,"name":"Coup de coeur du moment !"}]},{"@type":"WebSite","@id":"https:\/\/www.hansen-optic.ch\/#website","url":"https:\/\/www.hansen-optic.ch\/","name":"Hansen-Optique SA","description":"Qualit\u00e9 | Pr\u00e9cision | Proximit\u00e9 - Voyez mieux, vivez mieux!","publisher":{"@id":"https:\/\/www.hansen-optic.ch\/#organization"},"potentialAction":[{"@type":"SearchAction","target":{"@type":"EntryPoint","urlTemplate":"https:\/\/www.hansen-optic.ch\/?s={search_term_string}"},"query-input":{"@type":"PropertyValueSpecification","valueRequired":true,"valueName":"search_term_string"}}],"inLanguage":"de"},{"@type":"Organization","@id":"https:\/\/www.hansen-optic.ch\/#organization","name":"Hansen Optique SA","url":"https:\/\/www.hansen-optic.ch\/","logo":{"@type":"ImageObject","inLanguage":"de","@id":"https:\/\/www.hansen-optic.ch\/#\/schema\/logo\/image\/","url":"https:\/\/www.hansen-optic.ch\/wp-content\/uploads\/2025\/06\/Hansen_optique-lunetterie-sierre.png","contentUrl":"https:\/\/www.hansen-optic.ch\/wp-content\/uploads\/2025\/06\/Hansen_optique-lunetterie-sierre.png","width":1082,"height":258,"caption":"Hansen Optique SA"},"image":{"@id":"https:\/\/www.hansen-optic.ch\/#\/schema\/logo\/image\/"},"sameAs":["https:\/\/www.facebook.com\/HansenOptiqueSierre\/","https:\/\/www.instagram.com\/hansen_optique_sa\/"]},{"@type":"Person","@id":"https:\/\/www.hansen-optic.ch\/#\/schema\/person\/fd6708d4c6466fbdccbb93bd14b69522","name":"admin","image":{"@type":"ImageObject","inLanguage":"de","@id":"https:\/\/www.hansen-optic.ch\/#\/schema\/person\/image\/","url":"https:\/\/secure.gravatar.com\/avatar\/954f05d308ef9edab2a00891c03ea7134632d97137acfa846d45f5d3c8aa02f0?s=96&d=mm&r=g","contentUrl":"https:\/\/secure.gravatar.com\/avatar\/954f05d308ef9edab2a00891c03ea7134632d97137acfa846d45f5d3c8aa02f0?s=96&d=mm&r=g","caption":"admin"}}]}},"_links":{"self":[{"href":"https:\/\/www.hansen-optic.ch\/de\/wp-json\/wp\/v2\/posts\/1233","targetHints":{"allow":["GET"]}}],"collection":[{"href":"https:\/\/www.hansen-optic.ch\/de\/wp-json\/wp\/v2\/posts"}],"about":[{"href":"https:\/\/www.hansen-optic.ch\/de\/wp-json\/wp\/v2\/types\/post"}],"author":[{"embeddable":true,"href":"https:\/\/www.hansen-optic.ch\/de\/wp-json\/wp\/v2\/users\/1"}],"replies":[{"embeddable":true,"href":"https:\/\/www.hansen-optic.ch\/de\/wp-json\/wp\/v2\/comments?post=1233"}],"version-history":[{"count":5,"href":"https:\/\/www.hansen-optic.ch\/de\/wp-json\/wp\/v2\/posts\/1233\/revisions"}],"predecessor-version":[{"id":1612,"href":"https:\/\/www.hansen-optic.ch\/de\/wp-json\/wp\/v2\/posts\/1233\/revisions\/1612"}],"wp:featuredmedia":[{"embeddable":true,"href":"https:\/\/www.hansen-optic.ch\/de\/wp-json\/wp\/v2\/media\/1611"}],"wp:attachment":[{"href":"https:\/\/www.hansen-optic.ch\/de\/wp-json\/wp\/v2\/media?parent=1233"}],"wp:term":[{"taxonomy":"category","embeddable":true,"href":"https:\/\/www.hansen-optic.ch\/de\/wp-json\/wp\/v2\/categories?post=1233"},{"taxonomy":"post_tag","embeddable":true,"href":"https:\/\/www.hansen-optic.ch\/de\/wp-json\/wp\/v2\/tags?post=1233"}],"curies":[{"name":"wp","href":"https:\/\/api.w.org\/{rel}","templated":true}]}}