{"id":1291,"date":"2019-12-06T14:35:37","date_gmt":"2019-12-06T14:35:37","guid":{"rendered":"https:\/\/www.hansen-optic.ch\/?p=1291"},"modified":"2022-11-26T14:17:32","modified_gmt":"2022-11-26T14:17:32","slug":"nouvelle-collection","status":"publish","type":"post","link":"https:\/\/www.hansen-optic.ch\/de\/uncategorized\/nouvelle-collection\/","title":{"rendered":"Nouvelle collection"},"content":{"rendered":"<div data-elementor-type=\"wp-post\" data-elementor-id=\"1291\" class=\"elementor elementor-1291\" data-elementor-post-type=\"post\">\n\t\t\t\t\t\t<section class=\"elementor-section elementor-top-section elementor-element elementor-element-1f59e15 elementor-section-boxed elementor-section-height-default elementor-section-height-default\" data-id=\"1f59e15\" data-element_type=\"section\">\n\t\t\t\t\t\t<div class=\"elementor-container elementor-column-gap-default\">\n\t\t\t\t\t<div class=\"elementor-column elementor-col-100 elementor-top-column elementor-element elementor-element-72c8888\" data-id=\"72c8888\" data-element_type=\"column\">\n\t\t\t<div class=\"elementor-widget-wrap elementor-element-populated\">\n\t\t\t\t\t\t<div class=\"elementor-element elementor-element-b957918 elementor-widget elementor-widget-image\" data-id=\"b957918\" data-element_type=\"widget\" data-widget_type=\"image.default\">\n\t\t\t\t<div class=\"elementor-widget-container\">\n\t\t\t\t\t\t\t\t\t\t\t\t\t\t\t<img fetchpriority=\"high\" decoding=\"async\" width=\"300\" height=\"300\" src=\"https:\/\/www.hansen-optic.ch\/wp-content\/uploads\/2019\/12\/swarovski-logo-300x300.jpg\" class=\"attachment-medium size-medium wp-image-1331\" alt=\"\" srcset=\"https:\/\/www.hansen-optic.ch\/wp-content\/uploads\/2019\/12\/swarovski-logo-300x300.jpg 300w, https:\/\/www.hansen-optic.ch\/wp-content\/uploads\/2019\/12\/swarovski-logo-150x150.jpg 150w, https:\/\/www.hansen-optic.ch\/wp-content\/uploads\/2019\/12\/swarovski-logo-768x768.jpg 768w, https:\/\/www.hansen-optic.ch\/wp-content\/uploads\/2019\/12\/swarovski-logo-12x12.jpg 12w, https:\/\/www.hansen-optic.ch\/wp-content\/uploads\/2019\/12\/swarovski-logo.jpg 804w\" sizes=\"(max-width: 300px) 100vw, 300px\" \/>\t\t\t\t\t\t\t\t\t\t\t\t\t\t\t<\/div>\n\t\t\t\t<\/div>\n\t\t\t\t\t<\/div>\n\t\t<\/div>\n\t\t\t\t\t<\/div>\n\t\t<\/section>\n\t\t\t\t<section class=\"elementor-section elementor-top-section elementor-element elementor-element-0a97dbc elementor-section-boxed elementor-section-height-default elementor-section-height-default\" data-id=\"0a97dbc\" data-element_type=\"section\">\n\t\t\t\t\t\t<div class=\"elementor-container elementor-column-gap-default\">\n\t\t\t\t\t<div class=\"elementor-column elementor-col-50 elementor-top-column elementor-element elementor-element-21a78bd\" data-id=\"21a78bd\" data-element_type=\"column\">\n\t\t\t<div class=\"elementor-widget-wrap elementor-element-populated\">\n\t\t\t\t\t\t<div class=\"elementor-element elementor-element-11a18ac elementor--h-position-center elementor--v-position-middle elementor-widget elementor-widget-slides\" data-id=\"11a18ac\" data-element_type=\"widget\" data-settings=\"{&quot;navigation&quot;:&quot;none&quot;,&quot;autoplay_speed&quot;:2500,&quot;autoplay&quot;:&quot;yes&quot;,&quot;pause_on_interaction&quot;:&quot;yes&quot;,&quot;infinite&quot;:&quot;yes&quot;,&quot;transition&quot;:&quot;slide&quot;,&quot;transition_speed&quot;:500}\" data-widget_type=\"slides.default\">\n\t\t\t\t<div class=\"elementor-widget-container\">\n\t\t\t\t\t\t\t\t\t<div class=\"elementor-swiper\">\n\t\t\t\t\t<div class=\"elementor-slides-wrapper elementor-main-swiper swiper\" role=\"region\" aria-roledescription=\"carousel\" aria-label=\"Slider\" dir=\"ltr\" data-animation=\"\" data-no-translation-aria-label=\"\">\n\t\t\t\t<div class=\"swiper-wrapper elementor-slides\">\n\t\t\t\t\t\t\t\t\t\t<div class=\"elementor-repeater-item-50ba157 swiper-slide\" role=\"group\" aria-roledescription=\"slide\"><div class=\"swiper-slide-bg\" role=\"img\"><\/div><div class=\"swiper-slide-inner\" ><div class=\"swiper-slide-contents\"><\/div><\/div><\/div><div class=\"elementor-repeater-item-4767edd swiper-slide\" role=\"group\" aria-roledescription=\"slide\"><div class=\"swiper-slide-bg\" role=\"img\"><\/div><div class=\"swiper-slide-inner\" ><div class=\"swiper-slide-contents\"><\/div><\/div><\/div><div class=\"elementor-repeater-item-52d4d3a swiper-slide\" role=\"group\" aria-roledescription=\"slide\"><div class=\"swiper-slide-bg\" role=\"img\"><\/div><div class=\"swiper-slide-inner\" ><div class=\"swiper-slide-contents\"><\/div><\/div><\/div>\t\t\t\t<\/div>\n\t\t\t\t\t\t\t\t\t\t\t\t\t\t\t\t\t\t\t\t\t<\/div>\n\t\t\t\t<\/div>\n\t\t\t\t\t\t\t\t<\/div>\n\t\t\t\t<\/div>\n\t\t\t\t\t<\/div>\n\t\t<\/div>\n\t\t\t\t<div class=\"elementor-column elementor-col-50 elementor-top-column elementor-element elementor-element-627598b\" data-id=\"627598b\" data-element_type=\"column\">\n\t\t\t<div class=\"elementor-widget-wrap elementor-element-populated\">\n\t\t\t\t\t\t<div class=\"elementor-element elementor-element-025da79 elementor-widget elementor-widget-text-editor\" data-id=\"025da79\" data-element_type=\"widget\" data-widget_type=\"text-editor.default\">\n\t\t\t\t<div class=\"elementor-widget-container\">\n\t\t\t\t\t\t\t\t\t<div class=\"seven wide column logo computer-tablet-only\">Inspir\u00e9 par l&rsquo;id\u00e9e de rendre le cristal accessible pour tous, Daniel Swarovski, un joailler de la Boh\u00eame, brev\u00e8te une machine pour tailler les cristaux. En 1895, il fonde Swarovski \u00e0 Wattens, dans les Alpes autrichiennes, un excellent site de production gr\u00e2ce \u00e0 la proximit\u00e9 des cours d&rsquo;eau qui en ont fait un lieu id\u00e9al pour l&rsquo;entreprise.<\/div>\n<div class=\"sixteen wide mobile seven wide computer column text\">\n<p>Daniel Swarovski avait pour vision d&rsquo;utiliser les cristaux pour cr\u00e9er \u00abun diamant pour tous\u00bb. Son esprit pionnier et les innovations dans la taille des cristaux ont aid\u00e9 \u00e0 poursuivre sa mission jusqu&rsquo;\u00e0 pr\u00e9sent.<\/p>\n<div class=\"brand__description_more\">\n<p>\u00a0<\/p>\n<\/div>\n<\/div>\t\t\t\t\t\t\t\t<\/div>\n\t\t\t\t<\/div>\n\t\t\t\t\t<\/div>\n\t\t<\/div>\n\t\t\t\t\t<\/div>\n\t\t<\/section>\n\t\t\t\t<section class=\"elementor-section elementor-top-section elementor-element elementor-element-655b2f7 elementor-section-boxed elementor-section-height-default elementor-section-height-default\" data-id=\"655b2f7\" data-element_type=\"section\">\n\t\t\t\t\t\t<div class=\"elementor-container elementor-column-gap-default\">\n\t\t\t\t\t<div class=\"elementor-column elementor-col-100 elementor-top-column elementor-element elementor-element-81f8ffa\" data-id=\"81f8ffa\" data-element_type=\"column\">\n\t\t\t<div class=\"elementor-widget-wrap elementor-element-populated\">\n\t\t\t\t\t\t<div class=\"elementor-element elementor-element-c857c6d elementor-widget elementor-widget-text-editor\" data-id=\"c857c6d\" data-element_type=\"widget\" data-widget_type=\"text-editor.default\">\n\t\t\t\t<div class=\"elementor-widget-container\">\n\t\t\t\t\t\t\t\t\t<p>Swarovski propose aujourd&rsquo;hui un portefeuille diversifi\u00e9, dont l&rsquo;excellence en termes de qualit\u00e9, manualit\u00e9 et cr\u00e9ativit\u00e9 va bien au-del\u00e0 de la simple production des cristaux : elle con\u00e7oit, r\u00e9alise et distribue des pr\u00e9cieux cristaux, des gemmes authentiques et artificielles de haute qualit\u00e9, et des articles finis comme des bijoux, des accessoires et des syst\u00e8mes d&rsquo;\u00e9clairage. Swarovski est g\u00e9r\u00e9e par la quatri\u00e8me g\u00e9n\u00e9ration de la famille et poss\u00e8de une extension mondiale.<\/p>\n<p>Iconique et savamment r\u00e9alis\u00e9e avec une touche de glamour, la collection Swarovski Eyewear fait du cristal le signe distinctif de chacune de ses cr\u00e9ations. Le style unique de la marque s&rsquo;associe \u00e0 la haute qualit\u00e9 et aux d\u00e9tails en cristal plac\u00e9s sur des montures contemporaines, qui refl\u00e8tent de mani\u00e8re surprenante la lumi\u00e8re dans chaque mouvement, captant l&rsquo;attention et rendant chaque femme resplendissante. Fonctionnelles et \u00e0 la fois \u00e9l\u00e9gantes et attrayantes, les montures s&rsquo;adaptent bien \u00e0 chaque visage, le mettant en valeur. Un design unique et des mat\u00e9riaux raffin\u00e9s donnent un look distinctif capable d&rsquo;exprimer l&rsquo;individualit\u00e9 des femmes qui les portent. L&rsquo;ADN de la marque impr\u00e8gne l&rsquo;ensemble de la collection et se retrouve dans les tailles exclusives du cristal et dans les embouts des branches, la signature incomparable de chaque mod\u00e8le.<\/p>\n<p>Les lunettes Swarovski sont pens\u00e9es pour des femmes toujours dans l&rsquo;\u00e8re du temps et \u00e0 la recherche de silhouettes attrayantes mais en m\u00eame temps raffin\u00e9es et de style.<\/p>\t\t\t\t\t\t\t\t<\/div>\n\t\t\t\t<\/div>\n\t\t\t\t\t<\/div>\n\t\t<\/div>\n\t\t\t\t\t<\/div>\n\t\t<\/section>\n\t\t\t\t<section class=\"elementor-section elementor-top-section elementor-element elementor-element-c96cad7 elementor-section-boxed elementor-section-height-default elementor-section-height-default\" data-id=\"c96cad7\" data-element_type=\"section\">\n\t\t\t\t\t\t<div class=\"elementor-container elementor-column-gap-default\">\n\t\t\t\t\t<div class=\"elementor-column elementor-col-100 elementor-top-column elementor-element elementor-element-298c10a\" data-id=\"298c10a\" data-element_type=\"column\">\n\t\t\t<div class=\"elementor-widget-wrap elementor-element-populated\">\n\t\t\t\t\t\t<div class=\"elementor-element elementor-element-b8768a3 elementor-widget elementor-widget-image\" data-id=\"b8768a3\" data-element_type=\"widget\" data-widget_type=\"image.default\">\n\t\t\t\t<div class=\"elementor-widget-container\">\n\t\t\t\t\t\t\t\t\t\t\t\t\t\t\t<img decoding=\"async\" width=\"808\" height=\"410\" src=\"https:\/\/www.hansen-optic.ch\/wp-content\/uploads\/2019\/12\/swaro-5.jpg\" class=\"attachment-1536x1536 size-1536x1536 wp-image-1335\" alt=\"\" srcset=\"https:\/\/www.hansen-optic.ch\/wp-content\/uploads\/2019\/12\/swaro-5.jpg 808w, https:\/\/www.hansen-optic.ch\/wp-content\/uploads\/2019\/12\/swaro-5-300x152.jpg 300w, https:\/\/www.hansen-optic.ch\/wp-content\/uploads\/2019\/12\/swaro-5-768x390.jpg 768w, https:\/\/www.hansen-optic.ch\/wp-content\/uploads\/2019\/12\/swaro-5-18x9.jpg 18w\" sizes=\"(max-width: 808px) 100vw, 808px\" \/>\t\t\t\t\t\t\t\t\t\t\t\t\t\t\t<\/div>\n\t\t\t\t<\/div>\n\t\t\t\t\t<\/div>\n\t\t<\/div>\n\t\t\t\t\t<\/div>\n\t\t<\/section>\n\t\t\t\t<\/div>","protected":false},"excerpt":{"rendered":"<p>Inspir\u00e9 par l&rsquo;id\u00e9e de rendre le cristal accessible pour tous, Daniel Swarovski, un joailler de la Boh\u00eame, brev\u00e8te une machine pour tailler les cristaux. En 1895, il fonde Swarovski \u00e0 Wattens, dans les Alpes autrichiennes, un excellent site de production gr\u00e2ce \u00e0 la proximit\u00e9 des cours d&rsquo;eau qui en ont fait un lieu id\u00e9al pour [&hellip;]<\/p>","protected":false},"author":1,"featured_media":1329,"comment_status":"closed","ping_status":"open","sticky":false,"template":"","format":"standard","meta":{"footnotes":""},"categories":[1],"tags":[],"class_list":["post-1291","post","type-post","status-publish","format-standard","has-post-thumbnail","hentry","category-uncategorized"],"yoast_head":"<!-- This site is optimized with the Yoast SEO plugin v25.8 - https:\/\/yoast.com\/wordpress\/plugins\/seo\/ -->\r\n<title>Nouvelle collection &#8226; Hansen-Optique SA<\/title>\r\n<meta name=\"robots\" content=\"index, follow, max-snippet:-1, max-image-preview:large, max-video-preview:-1\" \/>\r\n<link rel=\"canonical\" href=\"https:\/\/www.hansen-optic.ch\/de\/uncategorized\/nouvelle-collection\/\" \/>\r\n<meta property=\"og:locale\" content=\"de_DE\" \/>\r\n<meta property=\"og:type\" content=\"article\" \/>\r\n<meta property=\"og:title\" content=\"Nouvelle collection &#8226; Hansen-Optique SA\" \/>\r\n<meta property=\"og:description\" content=\"Inspir\u00e9 par l&rsquo;id\u00e9e de rendre le cristal accessible pour tous, Daniel Swarovski, un joailler de la Boh\u00eame, brev\u00e8te une machine pour tailler les cristaux. En 1895, il fonde Swarovski \u00e0 Wattens, dans les Alpes autrichiennes, un excellent site de production gr\u00e2ce \u00e0 la proximit\u00e9 des cours d&rsquo;eau qui en ont fait un lieu id\u00e9al pour [&hellip;]\" \/>\r\n<meta property=\"og:url\" content=\"https:\/\/www.hansen-optic.ch\/de\/uncategorized\/nouvelle-collection\/\" \/>\r\n<meta property=\"og:site_name\" content=\"Hansen-Optique SA\" \/>\r\n<meta property=\"article:publisher\" content=\"https:\/\/www.facebook.com\/HansenOptiqueSierre\/\" \/>\r\n<meta property=\"article:published_time\" content=\"2019-12-06T14:35:37+00:00\" \/>\r\n<meta property=\"article:modified_time\" content=\"2022-11-26T14:17:32+00:00\" \/>\r\n<meta property=\"og:image\" content=\"https:\/\/www.hansen-optic.ch\/wp-content\/uploads\/2019\/11\/swaro-7.jpg\" \/>\r\n\t<meta property=\"og:image:width\" content=\"1065\" \/>\r\n\t<meta property=\"og:image:height\" content=\"410\" \/>\r\n\t<meta property=\"og:image:type\" content=\"image\/jpeg\" \/>\r\n<meta name=\"author\" content=\"admin\" \/>\r\n<meta name=\"twitter:card\" content=\"summary_large_image\" \/>\r\n<meta name=\"twitter:label1\" content=\"Verfasst von\" \/>\n\t<meta name=\"twitter:data1\" content=\"admin\" \/>\n\t<meta name=\"twitter:label2\" content=\"Gesch\u00e4tzte Lesezeit\" \/>\n\t<meta name=\"twitter:data2\" content=\"3\u00a0Minuten\" \/>\r\n<script type=\"application\/ld+json\" class=\"yoast-schema-graph\">{\"@context\":\"https:\/\/schema.org\",\"@graph\":[{\"@type\":\"Article\",\"@id\":\"https:\/\/www.hansen-optic.ch\/uncategorized\/nouvelle-collection\/#article\",\"isPartOf\":{\"@id\":\"https:\/\/www.hansen-optic.ch\/uncategorized\/nouvelle-collection\/\"},\"author\":{\"name\":\"admin\",\"@id\":\"https:\/\/www.hansen-optic.ch\/#\/schema\/person\/fd6708d4c6466fbdccbb93bd14b69522\"},\"headline\":\"Nouvelle collection\",\"datePublished\":\"2019-12-06T14:35:37+00:00\",\"dateModified\":\"2022-11-26T14:17:32+00:00\",\"mainEntityOfPage\":{\"@id\":\"https:\/\/www.hansen-optic.ch\/uncategorized\/nouvelle-collection\/\"},\"wordCount\":358,\"publisher\":{\"@id\":\"https:\/\/www.hansen-optic.ch\/#organization\"},\"image\":{\"@id\":\"https:\/\/www.hansen-optic.ch\/uncategorized\/nouvelle-collection\/#primaryimage\"},\"thumbnailUrl\":\"https:\/\/www.hansen-optic.ch\/wp-content\/uploads\/2019\/11\/swaro-7.jpg\",\"articleSection\":[\"Uncategorized\"],\"inLanguage\":\"de\"},{\"@type\":\"WebPage\",\"@id\":\"https:\/\/www.hansen-optic.ch\/uncategorized\/nouvelle-collection\/\",\"url\":\"https:\/\/www.hansen-optic.ch\/uncategorized\/nouvelle-collection\/\",\"name\":\"Nouvelle collection &#8226; Hansen-Optique SA\",\"isPartOf\":{\"@id\":\"https:\/\/www.hansen-optic.ch\/#website\"},\"primaryImageOfPage\":{\"@id\":\"https:\/\/www.hansen-optic.ch\/uncategorized\/nouvelle-collection\/#primaryimage\"},\"image\":{\"@id\":\"https:\/\/www.hansen-optic.ch\/uncategorized\/nouvelle-collection\/#primaryimage\"},\"thumbnailUrl\":\"https:\/\/www.hansen-optic.ch\/wp-content\/uploads\/2019\/11\/swaro-7.jpg\",\"datePublished\":\"2019-12-06T14:35:37+00:00\",\"dateModified\":\"2022-11-26T14:17:32+00:00\",\"breadcrumb\":{\"@id\":\"https:\/\/www.hansen-optic.ch\/uncategorized\/nouvelle-collection\/#breadcrumb\"},\"inLanguage\":\"de\",\"potentialAction\":[{\"@type\":\"ReadAction\",\"target\":[\"https:\/\/www.hansen-optic.ch\/uncategorized\/nouvelle-collection\/\"]}]},{\"@type\":\"ImageObject\",\"inLanguage\":\"de\",\"@id\":\"https:\/\/www.hansen-optic.ch\/uncategorized\/nouvelle-collection\/#primaryimage\",\"url\":\"https:\/\/www.hansen-optic.ch\/wp-content\/uploads\/2019\/11\/swaro-7.jpg\",\"contentUrl\":\"https:\/\/www.hansen-optic.ch\/wp-content\/uploads\/2019\/11\/swaro-7.jpg\",\"width\":1065,\"height\":410},{\"@type\":\"BreadcrumbList\",\"@id\":\"https:\/\/www.hansen-optic.ch\/uncategorized\/nouvelle-collection\/#breadcrumb\",\"itemListElement\":[{\"@type\":\"ListItem\",\"position\":1,\"name\":\"Home\",\"item\":\"https:\/\/www.hansen-optic.ch\/\"},{\"@type\":\"ListItem\",\"position\":2,\"name\":\"Nouvelle collection\"}]},{\"@type\":\"WebSite\",\"@id\":\"https:\/\/www.hansen-optic.ch\/#website\",\"url\":\"https:\/\/www.hansen-optic.ch\/\",\"name\":\"Hansen-Optique SA\",\"description\":\"Qualit\u00e9 | Pr\u00e9cision | Proximit\u00e9 - Voyez mieux, vivez mieux!\",\"publisher\":{\"@id\":\"https:\/\/www.hansen-optic.ch\/#organization\"},\"potentialAction\":[{\"@type\":\"SearchAction\",\"target\":{\"@type\":\"EntryPoint\",\"urlTemplate\":\"https:\/\/www.hansen-optic.ch\/?s={search_term_string}\"},\"query-input\":{\"@type\":\"PropertyValueSpecification\",\"valueRequired\":true,\"valueName\":\"search_term_string\"}}],\"inLanguage\":\"de\"},{\"@type\":\"Organization\",\"@id\":\"https:\/\/www.hansen-optic.ch\/#organization\",\"name\":\"Hansen Optique SA\",\"url\":\"https:\/\/www.hansen-optic.ch\/\",\"logo\":{\"@type\":\"ImageObject\",\"inLanguage\":\"de\",\"@id\":\"https:\/\/www.hansen-optic.ch\/#\/schema\/logo\/image\/\",\"url\":\"https:\/\/www.hansen-optic.ch\/wp-content\/uploads\/2025\/06\/Hansen_optique-lunetterie-sierre.png\",\"contentUrl\":\"https:\/\/www.hansen-optic.ch\/wp-content\/uploads\/2025\/06\/Hansen_optique-lunetterie-sierre.png\",\"width\":1082,\"height\":258,\"caption\":\"Hansen Optique SA\"},\"image\":{\"@id\":\"https:\/\/www.hansen-optic.ch\/#\/schema\/logo\/image\/\"},\"sameAs\":[\"https:\/\/www.facebook.com\/HansenOptiqueSierre\/\",\"https:\/\/www.instagram.com\/hansen_optique_sa\/\"]},{\"@type\":\"Person\",\"@id\":\"https:\/\/www.hansen-optic.ch\/#\/schema\/person\/fd6708d4c6466fbdccbb93bd14b69522\",\"name\":\"admin\",\"image\":{\"@type\":\"ImageObject\",\"inLanguage\":\"de\",\"@id\":\"https:\/\/www.hansen-optic.ch\/#\/schema\/person\/image\/\",\"url\":\"https:\/\/secure.gravatar.com\/avatar\/954f05d308ef9edab2a00891c03ea7134632d97137acfa846d45f5d3c8aa02f0?s=96&d=mm&r=g\",\"contentUrl\":\"https:\/\/secure.gravatar.com\/avatar\/954f05d308ef9edab2a00891c03ea7134632d97137acfa846d45f5d3c8aa02f0?s=96&d=mm&r=g\",\"caption\":\"admin\"}}]}<\/script>\r\n<!-- \/ Yoast SEO plugin. -->","yoast_head_json":{"title":"Nouvelle collection &#8226; Hansen-Optique SA","robots":{"index":"index","follow":"follow","max-snippet":"max-snippet:-1","max-image-preview":"max-image-preview:large","max-video-preview":"max-video-preview:-1"},"canonical":"https:\/\/www.hansen-optic.ch\/de\/uncategorized\/nouvelle-collection\/","og_locale":"de_DE","og_type":"article","og_title":"Nouvelle collection &#8226; Hansen-Optique SA","og_description":"Inspir\u00e9 par l&rsquo;id\u00e9e de rendre le cristal accessible pour tous, Daniel Swarovski, un joailler de la Boh\u00eame, brev\u00e8te une machine pour tailler les cristaux. En 1895, il fonde Swarovski \u00e0 Wattens, dans les Alpes autrichiennes, un excellent site de production gr\u00e2ce \u00e0 la proximit\u00e9 des cours d&rsquo;eau qui en ont fait un lieu id\u00e9al pour [&hellip;]","og_url":"https:\/\/www.hansen-optic.ch\/de\/uncategorized\/nouvelle-collection\/","og_site_name":"Hansen-Optique SA","article_publisher":"https:\/\/www.facebook.com\/HansenOptiqueSierre\/","article_published_time":"2019-12-06T14:35:37+00:00","article_modified_time":"2022-11-26T14:17:32+00:00","og_image":[{"width":1065,"height":410,"url":"https:\/\/www.hansen-optic.ch\/wp-content\/uploads\/2019\/11\/swaro-7.jpg","type":"image\/jpeg"}],"author":"admin","twitter_card":"summary_large_image","twitter_misc":{"Verfasst von":"admin","Gesch\u00e4tzte Lesezeit":"3\u00a0Minuten"},"schema":{"@context":"https:\/\/schema.org","@graph":[{"@type":"Article","@id":"https:\/\/www.hansen-optic.ch\/uncategorized\/nouvelle-collection\/#article","isPartOf":{"@id":"https:\/\/www.hansen-optic.ch\/uncategorized\/nouvelle-collection\/"},"author":{"name":"admin","@id":"https:\/\/www.hansen-optic.ch\/#\/schema\/person\/fd6708d4c6466fbdccbb93bd14b69522"},"headline":"Nouvelle collection","datePublished":"2019-12-06T14:35:37+00:00","dateModified":"2022-11-26T14:17:32+00:00","mainEntityOfPage":{"@id":"https:\/\/www.hansen-optic.ch\/uncategorized\/nouvelle-collection\/"},"wordCount":358,"publisher":{"@id":"https:\/\/www.hansen-optic.ch\/#organization"},"image":{"@id":"https:\/\/www.hansen-optic.ch\/uncategorized\/nouvelle-collection\/#primaryimage"},"thumbnailUrl":"https:\/\/www.hansen-optic.ch\/wp-content\/uploads\/2019\/11\/swaro-7.jpg","articleSection":["Uncategorized"],"inLanguage":"de"},{"@type":"WebPage","@id":"https:\/\/www.hansen-optic.ch\/uncategorized\/nouvelle-collection\/","url":"https:\/\/www.hansen-optic.ch\/uncategorized\/nouvelle-collection\/","name":"Nouvelle collection &#8226; Hansen-Optique SA","isPartOf":{"@id":"https:\/\/www.hansen-optic.ch\/#website"},"primaryImageOfPage":{"@id":"https:\/\/www.hansen-optic.ch\/uncategorized\/nouvelle-collection\/#primaryimage"},"image":{"@id":"https:\/\/www.hansen-optic.ch\/uncategorized\/nouvelle-collection\/#primaryimage"},"thumbnailUrl":"https:\/\/www.hansen-optic.ch\/wp-content\/uploads\/2019\/11\/swaro-7.jpg","datePublished":"2019-12-06T14:35:37+00:00","dateModified":"2022-11-26T14:17:32+00:00","breadcrumb":{"@id":"https:\/\/www.hansen-optic.ch\/uncategorized\/nouvelle-collection\/#breadcrumb"},"inLanguage":"de","potentialAction":[{"@type":"ReadAction","target":["https:\/\/www.hansen-optic.ch\/uncategorized\/nouvelle-collection\/"]}]},{"@type":"ImageObject","inLanguage":"de","@id":"https:\/\/www.hansen-optic.ch\/uncategorized\/nouvelle-collection\/#primaryimage","url":"https:\/\/www.hansen-optic.ch\/wp-content\/uploads\/2019\/11\/swaro-7.jpg","contentUrl":"https:\/\/www.hansen-optic.ch\/wp-content\/uploads\/2019\/11\/swaro-7.jpg","width":1065,"height":410},{"@type":"BreadcrumbList","@id":"https:\/\/www.hansen-optic.ch\/uncategorized\/nouvelle-collection\/#breadcrumb","itemListElement":[{"@type":"ListItem","position":1,"name":"Home","item":"https:\/\/www.hansen-optic.ch\/"},{"@type":"ListItem","position":2,"name":"Nouvelle collection"}]},{"@type":"WebSite","@id":"https:\/\/www.hansen-optic.ch\/#website","url":"https:\/\/www.hansen-optic.ch\/","name":"Hansen-Optique SA","description":"Qualit\u00e9 | Pr\u00e9cision | Proximit\u00e9 - Voyez mieux, vivez mieux!","publisher":{"@id":"https:\/\/www.hansen-optic.ch\/#organization"},"potentialAction":[{"@type":"SearchAction","target":{"@type":"EntryPoint","urlTemplate":"https:\/\/www.hansen-optic.ch\/?s={search_term_string}"},"query-input":{"@type":"PropertyValueSpecification","valueRequired":true,"valueName":"search_term_string"}}],"inLanguage":"de"},{"@type":"Organization","@id":"https:\/\/www.hansen-optic.ch\/#organization","name":"Hansen Optique SA","url":"https:\/\/www.hansen-optic.ch\/","logo":{"@type":"ImageObject","inLanguage":"de","@id":"https:\/\/www.hansen-optic.ch\/#\/schema\/logo\/image\/","url":"https:\/\/www.hansen-optic.ch\/wp-content\/uploads\/2025\/06\/Hansen_optique-lunetterie-sierre.png","contentUrl":"https:\/\/www.hansen-optic.ch\/wp-content\/uploads\/2025\/06\/Hansen_optique-lunetterie-sierre.png","width":1082,"height":258,"caption":"Hansen Optique SA"},"image":{"@id":"https:\/\/www.hansen-optic.ch\/#\/schema\/logo\/image\/"},"sameAs":["https:\/\/www.facebook.com\/HansenOptiqueSierre\/","https:\/\/www.instagram.com\/hansen_optique_sa\/"]},{"@type":"Person","@id":"https:\/\/www.hansen-optic.ch\/#\/schema\/person\/fd6708d4c6466fbdccbb93bd14b69522","name":"admin","image":{"@type":"ImageObject","inLanguage":"de","@id":"https:\/\/www.hansen-optic.ch\/#\/schema\/person\/image\/","url":"https:\/\/secure.gravatar.com\/avatar\/954f05d308ef9edab2a00891c03ea7134632d97137acfa846d45f5d3c8aa02f0?s=96&d=mm&r=g","contentUrl":"https:\/\/secure.gravatar.com\/avatar\/954f05d308ef9edab2a00891c03ea7134632d97137acfa846d45f5d3c8aa02f0?s=96&d=mm&r=g","caption":"admin"}}]}},"_links":{"self":[{"href":"https:\/\/www.hansen-optic.ch\/de\/wp-json\/wp\/v2\/posts\/1291","targetHints":{"allow":["GET"]}}],"collection":[{"href":"https:\/\/www.hansen-optic.ch\/de\/wp-json\/wp\/v2\/posts"}],"about":[{"href":"https:\/\/www.hansen-optic.ch\/de\/wp-json\/wp\/v2\/types\/post"}],"author":[{"embeddable":true,"href":"https:\/\/www.hansen-optic.ch\/de\/wp-json\/wp\/v2\/users\/1"}],"replies":[{"embeddable":true,"href":"https:\/\/www.hansen-optic.ch\/de\/wp-json\/wp\/v2\/comments?post=1291"}],"version-history":[{"count":4,"href":"https:\/\/www.hansen-optic.ch\/de\/wp-json\/wp\/v2\/posts\/1291\/revisions"}],"predecessor-version":[{"id":2874,"href":"https:\/\/www.hansen-optic.ch\/de\/wp-json\/wp\/v2\/posts\/1291\/revisions\/2874"}],"wp:featuredmedia":[{"embeddable":true,"href":"https:\/\/www.hansen-optic.ch\/de\/wp-json\/wp\/v2\/media\/1329"}],"wp:attachment":[{"href":"https:\/\/www.hansen-optic.ch\/de\/wp-json\/wp\/v2\/media?parent=1291"}],"wp:term":[{"taxonomy":"category","embeddable":true,"href":"https:\/\/www.hansen-optic.ch\/de\/wp-json\/wp\/v2\/categories?post=1291"},{"taxonomy":"post_tag","embeddable":true,"href":"https:\/\/www.hansen-optic.ch\/de\/wp-json\/wp\/v2\/tags?post=1291"}],"curies":[{"name":"wp","href":"https:\/\/api.w.org\/{rel}","templated":true}]}}