{"id":1345,"date":"2020-01-23T13:33:26","date_gmt":"2020-01-23T13:33:26","guid":{"rendered":"https:\/\/www.hansen-optic.ch\/?p=1345"},"modified":"2021-04-09T20:32:35","modified_gmt":"2021-04-09T20:32:35","slug":"votre-regard-au-meilleur-prix-cest-ici","status":"publish","type":"post","link":"https:\/\/www.hansen-optic.ch\/de\/promotions\/votre-regard-au-meilleur-prix-cest-ici\/","title":{"rendered":"Votre regard au meilleur prix c&rsquo;est ici"},"content":{"rendered":"<div data-elementor-type=\"wp-post\" data-elementor-id=\"1345\" class=\"elementor elementor-1345\" data-elementor-post-type=\"post\">\n\t\t\t\t\t\t<section class=\"elementor-section elementor-top-section elementor-element elementor-element-8213c26 elementor-section-boxed elementor-section-height-default elementor-section-height-default\" data-id=\"8213c26\" data-element_type=\"section\">\n\t\t\t\t\t\t<div class=\"elementor-container elementor-column-gap-default\">\n\t\t\t\t\t<div class=\"elementor-column elementor-col-100 elementor-top-column elementor-element elementor-element-9c6f02d\" data-id=\"9c6f02d\" data-element_type=\"column\">\n\t\t\t<div class=\"elementor-widget-wrap elementor-element-populated\">\n\t\t\t\t\t\t<div class=\"elementor-element elementor-element-cf207a2 elementor-widget__width-inherit elementor-widget elementor-widget-heading\" data-id=\"cf207a2\" data-element_type=\"widget\" data-widget_type=\"heading.default\">\n\t\t\t\t<div class=\"elementor-widget-container\">\n\t\t\t\t\t<h2 class=\"elementor-heading-title elementor-size-xxl\">Votre regard au meilleur prix c'est ici !!!<\/h2>\t\t\t\t<\/div>\n\t\t\t\t<\/div>\n\t\t\t\t\t<\/div>\n\t\t<\/div>\n\t\t\t\t\t<\/div>\n\t\t<\/section>\n\t\t\t\t<section class=\"elementor-section elementor-top-section elementor-element elementor-element-0b5c378 elementor-section-boxed elementor-section-height-default elementor-section-height-default\" data-id=\"0b5c378\" data-element_type=\"section\">\n\t\t\t\t\t\t<div class=\"elementor-container elementor-column-gap-default\">\n\t\t\t\t\t<div class=\"elementor-column elementor-col-33 elementor-top-column elementor-element elementor-element-4426593\" data-id=\"4426593\" data-element_type=\"column\">\n\t\t\t<div class=\"elementor-widget-wrap elementor-element-populated\">\n\t\t\t\t\t\t<div class=\"elementor-element elementor-element-17b0684 elementor-widget elementor-widget-image\" data-id=\"17b0684\" data-element_type=\"widget\" data-widget_type=\"image.default\">\n\t\t\t\t<div class=\"elementor-widget-container\">\n\t\t\t\t\t\t\t\t\t\t\t\t\t\t\t<img fetchpriority=\"high\" decoding=\"async\" width=\"720\" height=\"720\" src=\"https:\/\/www.hansen-optic.ch\/wp-content\/uploads\/2020\/01\/dailies.jpg\" class=\"attachment-large size-large wp-image-1349\" alt=\"\" srcset=\"https:\/\/www.hansen-optic.ch\/wp-content\/uploads\/2020\/01\/dailies.jpg 720w, https:\/\/www.hansen-optic.ch\/wp-content\/uploads\/2020\/01\/dailies-300x300.jpg 300w, https:\/\/www.hansen-optic.ch\/wp-content\/uploads\/2020\/01\/dailies-150x150.jpg 150w, https:\/\/www.hansen-optic.ch\/wp-content\/uploads\/2020\/01\/dailies-12x12.jpg 12w\" sizes=\"(max-width: 720px) 100vw, 720px\" \/>\t\t\t\t\t\t\t\t\t\t\t\t\t\t\t<\/div>\n\t\t\t\t<\/div>\n\t\t\t\t\t<\/div>\n\t\t<\/div>\n\t\t\t\t<div class=\"elementor-column elementor-col-33 elementor-top-column elementor-element elementor-element-81a81f9\" data-id=\"81a81f9\" data-element_type=\"column\">\n\t\t\t<div class=\"elementor-widget-wrap elementor-element-populated\">\n\t\t\t\t\t\t<div class=\"elementor-element elementor-element-8479dcd elementor-widget elementor-widget-text-editor\" data-id=\"8479dcd\" data-element_type=\"widget\" data-widget_type=\"text-editor.default\">\n\t\t\t\t<div class=\"elementor-widget-container\">\n\t\t\t\t\t\t\t\t\t<p style=\"text-align: center;\">On \u00e9crase les prix !<\/p>\t\t\t\t\t\t\t\t<\/div>\n\t\t\t\t<\/div>\n\t\t\t\t\t<\/div>\n\t\t<\/div>\n\t\t\t\t<div class=\"elementor-column elementor-col-33 elementor-top-column elementor-element elementor-element-9de7e87\" data-id=\"9de7e87\" data-element_type=\"column\">\n\t\t\t<div class=\"elementor-widget-wrap elementor-element-populated\">\n\t\t\t\t\t\t<div class=\"elementor-element elementor-element-268b0c6 elementor-widget elementor-widget-image\" data-id=\"268b0c6\" data-element_type=\"widget\" data-widget_type=\"image.default\">\n\t\t\t\t<div class=\"elementor-widget-container\">\n\t\t\t\t\t\t\t\t\t\t\t\t\t\t\t<img decoding=\"async\" width=\"800\" height=\"600\" src=\"https:\/\/www.hansen-optic.ch\/wp-content\/uploads\/2020\/01\/acuvueoasys.jpg\" class=\"attachment-large size-large wp-image-1350\" alt=\"\" srcset=\"https:\/\/www.hansen-optic.ch\/wp-content\/uploads\/2020\/01\/acuvueoasys.jpg 800w, https:\/\/www.hansen-optic.ch\/wp-content\/uploads\/2020\/01\/acuvueoasys-300x225.jpg 300w, https:\/\/www.hansen-optic.ch\/wp-content\/uploads\/2020\/01\/acuvueoasys-768x576.jpg 768w, https:\/\/www.hansen-optic.ch\/wp-content\/uploads\/2020\/01\/acuvueoasys-16x12.jpg 16w\" sizes=\"(max-width: 800px) 100vw, 800px\" \/>\t\t\t\t\t\t\t\t\t\t\t\t\t\t\t<\/div>\n\t\t\t\t<\/div>\n\t\t\t\t\t<\/div>\n\t\t<\/div>\n\t\t\t\t\t<\/div>\n\t\t<\/section>\n\t\t\t\t<\/div>","protected":false},"excerpt":{"rendered":"<p>Votre regard au meilleur prix c&rsquo;est ici !!! On \u00e9crase les prix !<\/p>","protected":false},"author":1,"featured_media":1623,"comment_status":"closed","ping_status":"open","sticky":false,"template":"","format":"standard","meta":{"footnotes":""},"categories":[5],"tags":[],"class_list":["post-1345","post","type-post","status-publish","format-standard","has-post-thumbnail","hentry","category-promotions"],"yoast_head":"<!-- This site is optimized with the Yoast SEO plugin v25.8 - https:\/\/yoast.com\/wordpress\/plugins\/seo\/ -->\r\n<title>Votre regard au meilleur prix c&#039;est ici &#8226; Hansen-Optique SA<\/title>\r\n<meta name=\"robots\" content=\"index, follow, max-snippet:-1, max-image-preview:large, max-video-preview:-1\" \/>\r\n<link rel=\"canonical\" href=\"https:\/\/www.hansen-optic.ch\/de\/promotions\/votre-regard-au-meilleur-prix-cest-ici\/\" \/>\r\n<meta property=\"og:locale\" content=\"de_DE\" \/>\r\n<meta property=\"og:type\" content=\"article\" \/>\r\n<meta property=\"og:title\" content=\"Votre regard au meilleur prix c&#039;est ici &#8226; Hansen-Optique SA\" \/>\r\n<meta property=\"og:description\" content=\"Votre regard au meilleur prix c&rsquo;est ici !!! On \u00e9crase les prix !\" \/>\r\n<meta property=\"og:url\" content=\"https:\/\/www.hansen-optic.ch\/de\/promotions\/votre-regard-au-meilleur-prix-cest-ici\/\" \/>\r\n<meta property=\"og:site_name\" content=\"Hansen-Optique SA\" \/>\r\n<meta property=\"article:publisher\" content=\"https:\/\/www.facebook.com\/HansenOptiqueSierre\/\" \/>\r\n<meta property=\"article:published_time\" content=\"2020-01-23T13:33:26+00:00\" \/>\r\n<meta property=\"article:modified_time\" content=\"2021-04-09T20:32:35+00:00\" \/>\r\n<meta property=\"og:image\" content=\"https:\/\/www.hansen-optic.ch\/wp-content\/uploads\/2020\/01\/Capture-de\u0301cran-2020-11-21-a\u0300-15.58.57.png\" \/>\r\n\t<meta property=\"og:image:width\" content=\"307\" \/>\r\n\t<meta property=\"og:image:height\" content=\"222\" \/>\r\n\t<meta property=\"og:image:type\" content=\"image\/png\" \/>\r\n<meta name=\"author\" content=\"admin\" \/>\r\n<meta name=\"twitter:card\" content=\"summary_large_image\" \/>\r\n<meta name=\"twitter:label1\" content=\"Verfasst von\" \/>\n\t<meta name=\"twitter:data1\" content=\"admin\" \/>\n\t<meta name=\"twitter:label2\" content=\"Gesch\u00e4tzte Lesezeit\" \/>\n\t<meta name=\"twitter:data2\" content=\"1\u00a0Minute\" \/>\r\n<script type=\"application\/ld+json\" class=\"yoast-schema-graph\">{\"@context\":\"https:\/\/schema.org\",\"@graph\":[{\"@type\":\"Article\",\"@id\":\"https:\/\/www.hansen-optic.ch\/promotions\/votre-regard-au-meilleur-prix-cest-ici\/#article\",\"isPartOf\":{\"@id\":\"https:\/\/www.hansen-optic.ch\/promotions\/votre-regard-au-meilleur-prix-cest-ici\/\"},\"author\":{\"name\":\"admin\",\"@id\":\"https:\/\/www.hansen-optic.ch\/#\/schema\/person\/fd6708d4c6466fbdccbb93bd14b69522\"},\"headline\":\"Votre regard au meilleur prix c&rsquo;est ici\",\"datePublished\":\"2020-01-23T13:33:26+00:00\",\"dateModified\":\"2021-04-09T20:32:35+00:00\",\"mainEntityOfPage\":{\"@id\":\"https:\/\/www.hansen-optic.ch\/promotions\/votre-regard-au-meilleur-prix-cest-ici\/\"},\"wordCount\":20,\"publisher\":{\"@id\":\"https:\/\/www.hansen-optic.ch\/#organization\"},\"image\":{\"@id\":\"https:\/\/www.hansen-optic.ch\/promotions\/votre-regard-au-meilleur-prix-cest-ici\/#primaryimage\"},\"thumbnailUrl\":\"https:\/\/www.hansen-optic.ch\/wp-content\/uploads\/uploads\/2020\/01\/Capture-de\u0301cran-2020-11-21-a\u0300-15.58.57.png\",\"articleSection\":[\"Promotions\"],\"inLanguage\":\"de\"},{\"@type\":\"WebPage\",\"@id\":\"https:\/\/www.hansen-optic.ch\/promotions\/votre-regard-au-meilleur-prix-cest-ici\/\",\"url\":\"https:\/\/www.hansen-optic.ch\/promotions\/votre-regard-au-meilleur-prix-cest-ici\/\",\"name\":\"Votre regard au meilleur prix c'est ici &#8226; Hansen-Optique SA\",\"isPartOf\":{\"@id\":\"https:\/\/www.hansen-optic.ch\/#website\"},\"primaryImageOfPage\":{\"@id\":\"https:\/\/www.hansen-optic.ch\/promotions\/votre-regard-au-meilleur-prix-cest-ici\/#primaryimage\"},\"image\":{\"@id\":\"https:\/\/www.hansen-optic.ch\/promotions\/votre-regard-au-meilleur-prix-cest-ici\/#primaryimage\"},\"thumbnailUrl\":\"https:\/\/www.hansen-optic.ch\/wp-content\/uploads\/uploads\/2020\/01\/Capture-de\u0301cran-2020-11-21-a\u0300-15.58.57.png\",\"datePublished\":\"2020-01-23T13:33:26+00:00\",\"dateModified\":\"2021-04-09T20:32:35+00:00\",\"breadcrumb\":{\"@id\":\"https:\/\/www.hansen-optic.ch\/promotions\/votre-regard-au-meilleur-prix-cest-ici\/#breadcrumb\"},\"inLanguage\":\"de\",\"potentialAction\":[{\"@type\":\"ReadAction\",\"target\":[\"https:\/\/www.hansen-optic.ch\/promotions\/votre-regard-au-meilleur-prix-cest-ici\/\"]}]},{\"@type\":\"ImageObject\",\"inLanguage\":\"de\",\"@id\":\"https:\/\/www.hansen-optic.ch\/promotions\/votre-regard-au-meilleur-prix-cest-ici\/#primaryimage\",\"url\":\"https:\/\/www.hansen-optic.ch\/wp-content\/uploads\/uploads\/2020\/01\/Capture-de\u0301cran-2020-11-21-a\u0300-15.58.57.png\",\"contentUrl\":\"https:\/\/www.hansen-optic.ch\/wp-content\/uploads\/uploads\/2020\/01\/Capture-de\u0301cran-2020-11-21-a\u0300-15.58.57.png\",\"width\":307,\"height\":222},{\"@type\":\"BreadcrumbList\",\"@id\":\"https:\/\/www.hansen-optic.ch\/promotions\/votre-regard-au-meilleur-prix-cest-ici\/#breadcrumb\",\"itemListElement\":[{\"@type\":\"ListItem\",\"position\":1,\"name\":\"Home\",\"item\":\"https:\/\/www.hansen-optic.ch\/\"},{\"@type\":\"ListItem\",\"position\":2,\"name\":\"Votre regard au meilleur prix c&rsquo;est ici\"}]},{\"@type\":\"WebSite\",\"@id\":\"https:\/\/www.hansen-optic.ch\/#website\",\"url\":\"https:\/\/www.hansen-optic.ch\/\",\"name\":\"Hansen-Optique SA\",\"description\":\"Qualit\u00e9 | Pr\u00e9cision | Proximit\u00e9 - Voyez mieux, vivez mieux!\",\"publisher\":{\"@id\":\"https:\/\/www.hansen-optic.ch\/#organization\"},\"potentialAction\":[{\"@type\":\"SearchAction\",\"target\":{\"@type\":\"EntryPoint\",\"urlTemplate\":\"https:\/\/www.hansen-optic.ch\/?s={search_term_string}\"},\"query-input\":{\"@type\":\"PropertyValueSpecification\",\"valueRequired\":true,\"valueName\":\"search_term_string\"}}],\"inLanguage\":\"de\"},{\"@type\":\"Organization\",\"@id\":\"https:\/\/www.hansen-optic.ch\/#organization\",\"name\":\"Hansen Optique SA\",\"url\":\"https:\/\/www.hansen-optic.ch\/\",\"logo\":{\"@type\":\"ImageObject\",\"inLanguage\":\"de\",\"@id\":\"https:\/\/www.hansen-optic.ch\/#\/schema\/logo\/image\/\",\"url\":\"https:\/\/www.hansen-optic.ch\/wp-content\/uploads\/2025\/06\/Hansen_optique-lunetterie-sierre.png\",\"contentUrl\":\"https:\/\/www.hansen-optic.ch\/wp-content\/uploads\/2025\/06\/Hansen_optique-lunetterie-sierre.png\",\"width\":1082,\"height\":258,\"caption\":\"Hansen Optique SA\"},\"image\":{\"@id\":\"https:\/\/www.hansen-optic.ch\/#\/schema\/logo\/image\/\"},\"sameAs\":[\"https:\/\/www.facebook.com\/HansenOptiqueSierre\/\",\"https:\/\/www.instagram.com\/hansen_optique_sa\/\"]},{\"@type\":\"Person\",\"@id\":\"https:\/\/www.hansen-optic.ch\/#\/schema\/person\/fd6708d4c6466fbdccbb93bd14b69522\",\"name\":\"admin\",\"image\":{\"@type\":\"ImageObject\",\"inLanguage\":\"de\",\"@id\":\"https:\/\/www.hansen-optic.ch\/#\/schema\/person\/image\/\",\"url\":\"https:\/\/secure.gravatar.com\/avatar\/954f05d308ef9edab2a00891c03ea7134632d97137acfa846d45f5d3c8aa02f0?s=96&d=mm&r=g\",\"contentUrl\":\"https:\/\/secure.gravatar.com\/avatar\/954f05d308ef9edab2a00891c03ea7134632d97137acfa846d45f5d3c8aa02f0?s=96&d=mm&r=g\",\"caption\":\"admin\"}}]}<\/script>\r\n<!-- \/ Yoast SEO plugin. -->","yoast_head_json":{"title":"Votre regard au meilleur prix c'est ici &#8226; Hansen-Optique SA","robots":{"index":"index","follow":"follow","max-snippet":"max-snippet:-1","max-image-preview":"max-image-preview:large","max-video-preview":"max-video-preview:-1"},"canonical":"https:\/\/www.hansen-optic.ch\/de\/promotions\/votre-regard-au-meilleur-prix-cest-ici\/","og_locale":"de_DE","og_type":"article","og_title":"Votre regard au meilleur prix c'est ici &#8226; Hansen-Optique SA","og_description":"Votre regard au meilleur prix c&rsquo;est ici !!! On \u00e9crase les prix !","og_url":"https:\/\/www.hansen-optic.ch\/de\/promotions\/votre-regard-au-meilleur-prix-cest-ici\/","og_site_name":"Hansen-Optique SA","article_publisher":"https:\/\/www.facebook.com\/HansenOptiqueSierre\/","article_published_time":"2020-01-23T13:33:26+00:00","article_modified_time":"2021-04-09T20:32:35+00:00","og_image":[{"width":307,"height":222,"url":"https:\/\/www.hansen-optic.ch\/wp-content\/uploads\/2020\/01\/Capture-de\u0301cran-2020-11-21-a\u0300-15.58.57.png","type":"image\/png"}],"author":"admin","twitter_card":"summary_large_image","twitter_misc":{"Verfasst von":"admin","Gesch\u00e4tzte Lesezeit":"1\u00a0Minute"},"schema":{"@context":"https:\/\/schema.org","@graph":[{"@type":"Article","@id":"https:\/\/www.hansen-optic.ch\/promotions\/votre-regard-au-meilleur-prix-cest-ici\/#article","isPartOf":{"@id":"https:\/\/www.hansen-optic.ch\/promotions\/votre-regard-au-meilleur-prix-cest-ici\/"},"author":{"name":"admin","@id":"https:\/\/www.hansen-optic.ch\/#\/schema\/person\/fd6708d4c6466fbdccbb93bd14b69522"},"headline":"Votre regard au meilleur prix c&rsquo;est ici","datePublished":"2020-01-23T13:33:26+00:00","dateModified":"2021-04-09T20:32:35+00:00","mainEntityOfPage":{"@id":"https:\/\/www.hansen-optic.ch\/promotions\/votre-regard-au-meilleur-prix-cest-ici\/"},"wordCount":20,"publisher":{"@id":"https:\/\/www.hansen-optic.ch\/#organization"},"image":{"@id":"https:\/\/www.hansen-optic.ch\/promotions\/votre-regard-au-meilleur-prix-cest-ici\/#primaryimage"},"thumbnailUrl":"https:\/\/www.hansen-optic.ch\/wp-content\/uploads\/uploads\/2020\/01\/Capture-de\u0301cran-2020-11-21-a\u0300-15.58.57.png","articleSection":["Promotions"],"inLanguage":"de"},{"@type":"WebPage","@id":"https:\/\/www.hansen-optic.ch\/promotions\/votre-regard-au-meilleur-prix-cest-ici\/","url":"https:\/\/www.hansen-optic.ch\/promotions\/votre-regard-au-meilleur-prix-cest-ici\/","name":"Votre regard au meilleur prix c'est ici &#8226; Hansen-Optique SA","isPartOf":{"@id":"https:\/\/www.hansen-optic.ch\/#website"},"primaryImageOfPage":{"@id":"https:\/\/www.hansen-optic.ch\/promotions\/votre-regard-au-meilleur-prix-cest-ici\/#primaryimage"},"image":{"@id":"https:\/\/www.hansen-optic.ch\/promotions\/votre-regard-au-meilleur-prix-cest-ici\/#primaryimage"},"thumbnailUrl":"https:\/\/www.hansen-optic.ch\/wp-content\/uploads\/uploads\/2020\/01\/Capture-de\u0301cran-2020-11-21-a\u0300-15.58.57.png","datePublished":"2020-01-23T13:33:26+00:00","dateModified":"2021-04-09T20:32:35+00:00","breadcrumb":{"@id":"https:\/\/www.hansen-optic.ch\/promotions\/votre-regard-au-meilleur-prix-cest-ici\/#breadcrumb"},"inLanguage":"de","potentialAction":[{"@type":"ReadAction","target":["https:\/\/www.hansen-optic.ch\/promotions\/votre-regard-au-meilleur-prix-cest-ici\/"]}]},{"@type":"ImageObject","inLanguage":"de","@id":"https:\/\/www.hansen-optic.ch\/promotions\/votre-regard-au-meilleur-prix-cest-ici\/#primaryimage","url":"https:\/\/www.hansen-optic.ch\/wp-content\/uploads\/uploads\/2020\/01\/Capture-de\u0301cran-2020-11-21-a\u0300-15.58.57.png","contentUrl":"https:\/\/www.hansen-optic.ch\/wp-content\/uploads\/uploads\/2020\/01\/Capture-de\u0301cran-2020-11-21-a\u0300-15.58.57.png","width":307,"height":222},{"@type":"BreadcrumbList","@id":"https:\/\/www.hansen-optic.ch\/promotions\/votre-regard-au-meilleur-prix-cest-ici\/#breadcrumb","itemListElement":[{"@type":"ListItem","position":1,"name":"Home","item":"https:\/\/www.hansen-optic.ch\/"},{"@type":"ListItem","position":2,"name":"Votre regard au meilleur prix c&rsquo;est ici"}]},{"@type":"WebSite","@id":"https:\/\/www.hansen-optic.ch\/#website","url":"https:\/\/www.hansen-optic.ch\/","name":"Hansen-Optique SA","description":"Qualit\u00e9 | Pr\u00e9cision | Proximit\u00e9 - Voyez mieux, vivez mieux!","publisher":{"@id":"https:\/\/www.hansen-optic.ch\/#organization"},"potentialAction":[{"@type":"SearchAction","target":{"@type":"EntryPoint","urlTemplate":"https:\/\/www.hansen-optic.ch\/?s={search_term_string}"},"query-input":{"@type":"PropertyValueSpecification","valueRequired":true,"valueName":"search_term_string"}}],"inLanguage":"de"},{"@type":"Organization","@id":"https:\/\/www.hansen-optic.ch\/#organization","name":"Hansen Optique SA","url":"https:\/\/www.hansen-optic.ch\/","logo":{"@type":"ImageObject","inLanguage":"de","@id":"https:\/\/www.hansen-optic.ch\/#\/schema\/logo\/image\/","url":"https:\/\/www.hansen-optic.ch\/wp-content\/uploads\/2025\/06\/Hansen_optique-lunetterie-sierre.png","contentUrl":"https:\/\/www.hansen-optic.ch\/wp-content\/uploads\/2025\/06\/Hansen_optique-lunetterie-sierre.png","width":1082,"height":258,"caption":"Hansen Optique SA"},"image":{"@id":"https:\/\/www.hansen-optic.ch\/#\/schema\/logo\/image\/"},"sameAs":["https:\/\/www.facebook.com\/HansenOptiqueSierre\/","https:\/\/www.instagram.com\/hansen_optique_sa\/"]},{"@type":"Person","@id":"https:\/\/www.hansen-optic.ch\/#\/schema\/person\/fd6708d4c6466fbdccbb93bd14b69522","name":"admin","image":{"@type":"ImageObject","inLanguage":"de","@id":"https:\/\/www.hansen-optic.ch\/#\/schema\/person\/image\/","url":"https:\/\/secure.gravatar.com\/avatar\/954f05d308ef9edab2a00891c03ea7134632d97137acfa846d45f5d3c8aa02f0?s=96&d=mm&r=g","contentUrl":"https:\/\/secure.gravatar.com\/avatar\/954f05d308ef9edab2a00891c03ea7134632d97137acfa846d45f5d3c8aa02f0?s=96&d=mm&r=g","caption":"admin"}}]}},"_links":{"self":[{"href":"https:\/\/www.hansen-optic.ch\/de\/wp-json\/wp\/v2\/posts\/1345","targetHints":{"allow":["GET"]}}],"collection":[{"href":"https:\/\/www.hansen-optic.ch\/de\/wp-json\/wp\/v2\/posts"}],"about":[{"href":"https:\/\/www.hansen-optic.ch\/de\/wp-json\/wp\/v2\/types\/post"}],"author":[{"embeddable":true,"href":"https:\/\/www.hansen-optic.ch\/de\/wp-json\/wp\/v2\/users\/1"}],"replies":[{"embeddable":true,"href":"https:\/\/www.hansen-optic.ch\/de\/wp-json\/wp\/v2\/comments?post=1345"}],"version-history":[{"count":5,"href":"https:\/\/www.hansen-optic.ch\/de\/wp-json\/wp\/v2\/posts\/1345\/revisions"}],"predecessor-version":[{"id":2008,"href":"https:\/\/www.hansen-optic.ch\/de\/wp-json\/wp\/v2\/posts\/1345\/revisions\/2008"}],"wp:featuredmedia":[{"embeddable":true,"href":"https:\/\/www.hansen-optic.ch\/de\/wp-json\/wp\/v2\/media\/1623"}],"wp:attachment":[{"href":"https:\/\/www.hansen-optic.ch\/de\/wp-json\/wp\/v2\/media?parent=1345"}],"wp:term":[{"taxonomy":"category","embeddable":true,"href":"https:\/\/www.hansen-optic.ch\/de\/wp-json\/wp\/v2\/categories?post=1345"},{"taxonomy":"post_tag","embeddable":true,"href":"https:\/\/www.hansen-optic.ch\/de\/wp-json\/wp\/v2\/tags?post=1345"}],"curies":[{"name":"wp","href":"https:\/\/api.w.org\/{rel}","templated":true}]}}