{"id":1592,"date":"2021-08-21T14:00:51","date_gmt":"2021-08-21T14:00:51","guid":{"rendered":"https:\/\/www.hansen-optic.ch\/?p=1592"},"modified":"2021-08-24T07:04:24","modified_gmt":"2021-08-24T07:04:24","slug":"vision-floue-surtout-de-presvous-allongez-les-bras-pour-voir-nette-nhesitez-pas-a-venir-faire-controler-votre-vue","status":"publish","type":"post","link":"https:\/\/www.hansen-optic.ch\/de\/uncategorized\/vision-floue-surtout-de-presvous-allongez-les-bras-pour-voir-nette-nhesitez-pas-a-venir-faire-controler-votre-vue\/","title":{"rendered":"Vision floue, surtout de pr\u00e8s! Vous allongez les bras pour voir net ? N\u2019h\u00e9sitez pas \u00e0 venir faire contr\u00f4ler votre vue."},"content":{"rendered":"<div data-elementor-type=\"wp-post\" data-elementor-id=\"1592\" class=\"elementor elementor-1592\" data-elementor-post-type=\"post\">\n\t\t\t\t\t\t<section class=\"elementor-section elementor-top-section elementor-element elementor-element-b227dcb elementor-section-boxed elementor-section-height-default elementor-section-height-default\" data-id=\"b227dcb\" data-element_type=\"section\">\n\t\t\t\t\t\t<div class=\"elementor-container elementor-column-gap-default\">\n\t\t\t\t\t<div class=\"elementor-column elementor-col-50 elementor-top-column elementor-element elementor-element-9554151\" data-id=\"9554151\" data-element_type=\"column\">\n\t\t\t<div class=\"elementor-widget-wrap elementor-element-populated\">\n\t\t\t\t\t\t<div class=\"elementor-element elementor-element-a31c8b9 elementor-widget elementor-widget-text-editor\" data-id=\"a31c8b9\" data-element_type=\"widget\" data-widget_type=\"text-editor.default\">\n\t\t\t\t<div class=\"elementor-widget-container\">\n\t\t\t\t\t\t\t\t\t<p>Fatigue oculaire, difficult\u00e9s \u00e0 lire, incapacit\u00e9 \u00e0 faire la mise au point, vision floue de pr\u00e8s\u2026 Ce sont les premiers signes de la presbytie, un d\u00e9clin naturel de l&rsquo;accommodation visuelle qui n\u00e9cessite une correction sp\u00e9cifique, g\u00e9n\u00e9ralement apr\u00e8s 40 ans.\u00a0 Concr\u00e8tement, la \u00ab\u00a0mise au point\u00a0\u00bb de l\u2019\u0153il sur un objet proche se fait de moins en moins bien.<\/p><p>\u00a0<\/p>\t\t\t\t\t\t\t\t<\/div>\n\t\t\t\t<\/div>\n\t\t\t\t\t<\/div>\n\t\t<\/div>\n\t\t\t\t<div class=\"elementor-column elementor-col-50 elementor-top-column elementor-element elementor-element-ad585a4\" data-id=\"ad585a4\" data-element_type=\"column\">\n\t\t\t<div class=\"elementor-widget-wrap elementor-element-populated\">\n\t\t\t\t\t\t<div class=\"elementor-element elementor-element-fcb0169 elementor-widget elementor-widget-image\" data-id=\"fcb0169\" data-element_type=\"widget\" data-widget_type=\"image.default\">\n\t\t\t\t<div class=\"elementor-widget-container\">\n\t\t\t\t\t\t\t\t\t\t\t\t\t\t\t<img fetchpriority=\"high\" decoding=\"async\" width=\"488\" height=\"329\" src=\"https:\/\/www.hansen-optic.ch\/wp-content\/uploads\/uploads\/2020\/11\/Capture-de\u0301cran-2020-11-21-a\u0300-15.10.27.png\" class=\"attachment-large size-large wp-image-1598\" alt=\"\" srcset=\"https:\/\/www.hansen-optic.ch\/wp-content\/uploads\/2020\/11\/Capture-de\u0301cran-2020-11-21-a\u0300-15.10.27.png 488w, https:\/\/www.hansen-optic.ch\/wp-content\/uploads\/2020\/11\/Capture-de\u0301cran-2020-11-21-a\u0300-15.10.27-300x202.png 300w, https:\/\/www.hansen-optic.ch\/wp-content\/uploads\/2020\/11\/Capture-de\u0301cran-2020-11-21-a\u0300-15.10.27-16x12.png 16w\" sizes=\"(max-width: 488px) 100vw, 488px\" \/>\t\t\t\t\t\t\t\t\t\t\t\t\t\t\t<\/div>\n\t\t\t\t<\/div>\n\t\t\t\t\t<\/div>\n\t\t<\/div>\n\t\t\t\t\t<\/div>\n\t\t<\/section>\n\t\t\t\t<section class=\"elementor-section elementor-top-section elementor-element elementor-element-305e5df elementor-section-boxed elementor-section-height-default elementor-section-height-default\" data-id=\"305e5df\" data-element_type=\"section\">\n\t\t\t\t\t\t<div class=\"elementor-container elementor-column-gap-default\">\n\t\t\t\t\t<div class=\"elementor-column elementor-col-50 elementor-top-column elementor-element elementor-element-7decc19\" data-id=\"7decc19\" data-element_type=\"column\">\n\t\t\t<div class=\"elementor-widget-wrap elementor-element-populated\">\n\t\t\t\t\t\t<div class=\"elementor-element elementor-element-bb76eb4 elementor-widget elementor-widget-text-editor\" data-id=\"bb76eb4\" data-element_type=\"widget\" data-widget_type=\"text-editor.default\">\n\t\t\t\t<div class=\"elementor-widget-container\">\n\t\t\t\t\t\t\t\t\t<p>Petit \u00e0 petit, vous avez typiquement tendance \u00e0 \u00e9loigner le texte que vous lisez, ce qui t\u00e9moigne d&rsquo;une moins bonne accommodation, c&rsquo;est-\u00e0-dire d&rsquo;une moins bonne \u00ab\u00a0mise au point\u00a0\u00bb de l\u2019\u0153il. Pour corriger la presbytie, il est possible de porter des lunettes de lecture. Cependant, s&rsquo;il faut les mettre et les enlever sans arr\u00eat, elles peuvent s&rsquo;av\u00e9rer tr\u00e8s g\u00eanantes. La solution id\u00e9ale, ce sont les <strong>verres progressifs.<\/strong> Ils permettent de voir net de pr\u00e8s comme de loin.<\/p>\t\t\t\t\t\t\t\t<\/div>\n\t\t\t\t<\/div>\n\t\t\t\t\t<\/div>\n\t\t<\/div>\n\t\t\t\t<div class=\"elementor-column elementor-col-50 elementor-top-column elementor-element elementor-element-4e2c351\" data-id=\"4e2c351\" data-element_type=\"column\">\n\t\t\t<div class=\"elementor-widget-wrap elementor-element-populated\">\n\t\t\t\t\t\t<section class=\"elementor-section elementor-inner-section elementor-element elementor-element-e35c1da elementor-section-boxed elementor-section-height-default elementor-section-height-default\" data-id=\"e35c1da\" data-element_type=\"section\">\n\t\t\t\t\t\t<div class=\"elementor-container elementor-column-gap-default\">\n\t\t\t\t\t<div class=\"elementor-column elementor-col-50 elementor-inner-column elementor-element elementor-element-a1168cb\" data-id=\"a1168cb\" data-element_type=\"column\">\n\t\t\t<div class=\"elementor-widget-wrap elementor-element-populated\">\n\t\t\t\t\t\t<div class=\"elementor-element elementor-element-06ef10f elementor-widget elementor-widget-image\" data-id=\"06ef10f\" data-element_type=\"widget\" data-widget_type=\"image.default\">\n\t\t\t\t<div class=\"elementor-widget-container\">\n\t\t\t\t\t\t\t\t\t\t\t\t\t\t\t<img decoding=\"async\" width=\"800\" height=\"251\" src=\"https:\/\/www.hansen-optic.ch\/wp-content\/uploads\/uploads\/2020\/11\/Capture-de\u0301cran-2020-11-21-a\u0300-15.23.43.png\" class=\"attachment-large size-large wp-image-1601\" alt=\"\" srcset=\"https:\/\/www.hansen-optic.ch\/wp-content\/uploads\/2020\/11\/Capture-de\u0301cran-2020-11-21-a\u0300-15.23.43.png 874w, https:\/\/www.hansen-optic.ch\/wp-content\/uploads\/2020\/11\/Capture-de\u0301cran-2020-11-21-a\u0300-15.23.43-300x94.png 300w, https:\/\/www.hansen-optic.ch\/wp-content\/uploads\/2020\/11\/Capture-de\u0301cran-2020-11-21-a\u0300-15.23.43-768x241.png 768w, https:\/\/www.hansen-optic.ch\/wp-content\/uploads\/2020\/11\/Capture-de\u0301cran-2020-11-21-a\u0300-15.23.43-16x5.png 16w\" sizes=\"(max-width: 800px) 100vw, 800px\" \/>\t\t\t\t\t\t\t\t\t\t\t\t\t\t\t<\/div>\n\t\t\t\t<\/div>\n\t\t\t\t\t<\/div>\n\t\t<\/div>\n\t\t\t\t<div class=\"elementor-column elementor-col-50 elementor-inner-column elementor-element elementor-element-b32167e\" data-id=\"b32167e\" data-element_type=\"column\">\n\t\t\t<div class=\"elementor-widget-wrap\">\n\t\t\t\t\t\t\t<\/div>\n\t\t<\/div>\n\t\t\t\t\t<\/div>\n\t\t<\/section>\n\t\t\t\t<div class=\"elementor-element elementor-element-0008f33 elementor-widget elementor-widget-image\" data-id=\"0008f33\" data-element_type=\"widget\" data-widget_type=\"image.default\">\n\t\t\t\t<div class=\"elementor-widget-container\">\n\t\t\t\t\t\t\t\t\t\t\t\t\t\t\t<img decoding=\"async\" width=\"570\" height=\"404\" src=\"https:\/\/www.hansen-optic.ch\/wp-content\/uploads\/uploads\/2020\/11\/Capture-de\u0301cran-2020-11-21-a\u0300-15.22.16.png\" class=\"attachment-large size-large wp-image-1600\" alt=\"\" srcset=\"https:\/\/www.hansen-optic.ch\/wp-content\/uploads\/2020\/11\/Capture-de\u0301cran-2020-11-21-a\u0300-15.22.16.png 570w, https:\/\/www.hansen-optic.ch\/wp-content\/uploads\/2020\/11\/Capture-de\u0301cran-2020-11-21-a\u0300-15.22.16-300x213.png 300w, https:\/\/www.hansen-optic.ch\/wp-content\/uploads\/2020\/11\/Capture-de\u0301cran-2020-11-21-a\u0300-15.22.16-16x12.png 16w\" sizes=\"(max-width: 570px) 100vw, 570px\" \/>\t\t\t\t\t\t\t\t\t\t\t\t\t\t\t<\/div>\n\t\t\t\t<\/div>\n\t\t\t\t\t<\/div>\n\t\t<\/div>\n\t\t\t\t\t<\/div>\n\t\t<\/section>\n\t\t\t\t<\/div>","protected":false},"excerpt":{"rendered":"<p>Fatigue oculaire, difficult\u00e9s \u00e0 lire, incapacit\u00e9 \u00e0 faire la mise au point, vision floue de pr\u00e8s\u2026 Ce sont les premiers signes de la presbytie, un d\u00e9clin naturel de l&rsquo;accommodation visuelle qui n\u00e9cessite une correction sp\u00e9cifique, g\u00e9n\u00e9ralement apr\u00e8s 40 ans.&nbsp; Concr\u00e8tement, la \u00ab\u00a0mise au point\u00a0\u00bb de l\u2019\u0153il sur un objet proche se fait de moins en [&hellip;]<\/p>","protected":false},"author":1,"featured_media":1595,"comment_status":"closed","ping_status":"open","sticky":false,"template":"","format":"standard","meta":{"footnotes":""},"categories":[6,4,1],"tags":[],"class_list":["post-1592","post","type-post","status-publish","format-standard","has-post-thumbnail","hentry","category-actualites","category-evenements","category-uncategorized"],"yoast_head":"<!-- This site is optimized with the Yoast SEO plugin v25.8 - https:\/\/yoast.com\/wordpress\/plugins\/seo\/ -->\r\n<title>Vision floue, surtout de pr\u00e8s! Vous allongez les bras pour voir net ? N\u2019h\u00e9sitez pas \u00e0 venir faire contr\u00f4ler votre vue. &#8226; Hansen-Optique SA<\/title>\r\n<meta name=\"robots\" content=\"index, follow, max-snippet:-1, max-image-preview:large, max-video-preview:-1\" \/>\r\n<link rel=\"canonical\" href=\"https:\/\/www.hansen-optic.ch\/de\/uncategorized\/vision-floue-surtout-de-presvous-allongez-les-bras-pour-voir-nette-nhesitez-pas-a-venir-faire-controler-votre-vue\/\" \/>\r\n<meta property=\"og:locale\" content=\"de_DE\" \/>\r\n<meta property=\"og:type\" content=\"article\" \/>\r\n<meta property=\"og:title\" content=\"Vision floue, surtout de pr\u00e8s! Vous allongez les bras pour voir net ? N\u2019h\u00e9sitez pas \u00e0 venir faire contr\u00f4ler votre vue. &#8226; Hansen-Optique SA\" \/>\r\n<meta property=\"og:description\" content=\"Fatigue oculaire, difficult\u00e9s \u00e0 lire, incapacit\u00e9 \u00e0 faire la mise au point, vision floue de pr\u00e8s\u2026 Ce sont les premiers signes de la presbytie, un d\u00e9clin naturel de l&rsquo;accommodation visuelle qui n\u00e9cessite une correction sp\u00e9cifique, g\u00e9n\u00e9ralement apr\u00e8s 40 ans.&nbsp; Concr\u00e8tement, la \u00ab\u00a0mise au point\u00a0\u00bb de l\u2019\u0153il sur un objet proche se fait de moins en [&hellip;]\" \/>\r\n<meta property=\"og:url\" content=\"https:\/\/www.hansen-optic.ch\/de\/uncategorized\/vision-floue-surtout-de-presvous-allongez-les-bras-pour-voir-nette-nhesitez-pas-a-venir-faire-controler-votre-vue\/\" \/>\r\n<meta property=\"og:site_name\" content=\"Hansen-Optique SA\" \/>\r\n<meta property=\"article:publisher\" content=\"https:\/\/www.facebook.com\/HansenOptiqueSierre\/\" \/>\r\n<meta property=\"article:published_time\" content=\"2021-08-21T14:00:51+00:00\" \/>\r\n<meta property=\"article:modified_time\" content=\"2021-08-24T07:04:24+00:00\" \/>\r\n<meta property=\"og:image\" content=\"https:\/\/www.hansen-optic.ch\/wp-content\/uploads\/2020\/11\/Capture-de\u0301cran-2020-11-21-a\u0300-14.59.15.png\" \/>\r\n\t<meta property=\"og:image:width\" content=\"564\" \/>\r\n\t<meta property=\"og:image:height\" content=\"686\" \/>\r\n\t<meta property=\"og:image:type\" content=\"image\/png\" \/>\r\n<meta name=\"author\" content=\"admin\" \/>\r\n<meta name=\"twitter:card\" content=\"summary_large_image\" \/>\r\n<meta name=\"twitter:label1\" content=\"Verfasst von\" \/>\n\t<meta name=\"twitter:data1\" content=\"admin\" \/>\n\t<meta name=\"twitter:label2\" content=\"Gesch\u00e4tzte Lesezeit\" \/>\n\t<meta name=\"twitter:data2\" content=\"1\u00a0Minute\" \/>\r\n<script type=\"application\/ld+json\" class=\"yoast-schema-graph\">{\"@context\":\"https:\/\/schema.org\",\"@graph\":[{\"@type\":\"Article\",\"@id\":\"https:\/\/www.hansen-optic.ch\/uncategorized\/vision-floue-surtout-de-presvous-allongez-les-bras-pour-voir-nette-nhesitez-pas-a-venir-faire-controler-votre-vue\/#article\",\"isPartOf\":{\"@id\":\"https:\/\/www.hansen-optic.ch\/uncategorized\/vision-floue-surtout-de-presvous-allongez-les-bras-pour-voir-nette-nhesitez-pas-a-venir-faire-controler-votre-vue\/\"},\"author\":{\"name\":\"admin\",\"@id\":\"https:\/\/www.hansen-optic.ch\/#\/schema\/person\/fd6708d4c6466fbdccbb93bd14b69522\"},\"headline\":\"Vision floue, surtout de pr\u00e8s! Vous allongez les bras pour voir net ? N\u2019h\u00e9sitez pas \u00e0 venir faire contr\u00f4ler votre vue.\",\"datePublished\":\"2021-08-21T14:00:51+00:00\",\"dateModified\":\"2021-08-24T07:04:24+00:00\",\"mainEntityOfPage\":{\"@id\":\"https:\/\/www.hansen-optic.ch\/uncategorized\/vision-floue-surtout-de-presvous-allongez-les-bras-pour-voir-nette-nhesitez-pas-a-venir-faire-controler-votre-vue\/\"},\"wordCount\":177,\"publisher\":{\"@id\":\"https:\/\/www.hansen-optic.ch\/#organization\"},\"image\":{\"@id\":\"https:\/\/www.hansen-optic.ch\/uncategorized\/vision-floue-surtout-de-presvous-allongez-les-bras-pour-voir-nette-nhesitez-pas-a-venir-faire-controler-votre-vue\/#primaryimage\"},\"thumbnailUrl\":\"https:\/\/www.hansen-optic.ch\/wp-content\/uploads\/uploads\/2020\/11\/Capture-de\u0301cran-2020-11-21-a\u0300-14.59.15.png\",\"articleSection\":[\"Actualit\u00e9s\",\"Ev\u00e9nements\",\"Uncategorized\"],\"inLanguage\":\"de\"},{\"@type\":\"WebPage\",\"@id\":\"https:\/\/www.hansen-optic.ch\/uncategorized\/vision-floue-surtout-de-presvous-allongez-les-bras-pour-voir-nette-nhesitez-pas-a-venir-faire-controler-votre-vue\/\",\"url\":\"https:\/\/www.hansen-optic.ch\/uncategorized\/vision-floue-surtout-de-presvous-allongez-les-bras-pour-voir-nette-nhesitez-pas-a-venir-faire-controler-votre-vue\/\",\"name\":\"Vision floue, surtout de pr\u00e8s! Vous allongez les bras pour voir net ? N\u2019h\u00e9sitez pas \u00e0 venir faire contr\u00f4ler votre vue. &#8226; Hansen-Optique SA\",\"isPartOf\":{\"@id\":\"https:\/\/www.hansen-optic.ch\/#website\"},\"primaryImageOfPage\":{\"@id\":\"https:\/\/www.hansen-optic.ch\/uncategorized\/vision-floue-surtout-de-presvous-allongez-les-bras-pour-voir-nette-nhesitez-pas-a-venir-faire-controler-votre-vue\/#primaryimage\"},\"image\":{\"@id\":\"https:\/\/www.hansen-optic.ch\/uncategorized\/vision-floue-surtout-de-presvous-allongez-les-bras-pour-voir-nette-nhesitez-pas-a-venir-faire-controler-votre-vue\/#primaryimage\"},\"thumbnailUrl\":\"https:\/\/www.hansen-optic.ch\/wp-content\/uploads\/uploads\/2020\/11\/Capture-de\u0301cran-2020-11-21-a\u0300-14.59.15.png\",\"datePublished\":\"2021-08-21T14:00:51+00:00\",\"dateModified\":\"2021-08-24T07:04:24+00:00\",\"breadcrumb\":{\"@id\":\"https:\/\/www.hansen-optic.ch\/uncategorized\/vision-floue-surtout-de-presvous-allongez-les-bras-pour-voir-nette-nhesitez-pas-a-venir-faire-controler-votre-vue\/#breadcrumb\"},\"inLanguage\":\"de\",\"potentialAction\":[{\"@type\":\"ReadAction\",\"target\":[\"https:\/\/www.hansen-optic.ch\/uncategorized\/vision-floue-surtout-de-presvous-allongez-les-bras-pour-voir-nette-nhesitez-pas-a-venir-faire-controler-votre-vue\/\"]}]},{\"@type\":\"ImageObject\",\"inLanguage\":\"de\",\"@id\":\"https:\/\/www.hansen-optic.ch\/uncategorized\/vision-floue-surtout-de-presvous-allongez-les-bras-pour-voir-nette-nhesitez-pas-a-venir-faire-controler-votre-vue\/#primaryimage\",\"url\":\"https:\/\/www.hansen-optic.ch\/wp-content\/uploads\/uploads\/2020\/11\/Capture-de\u0301cran-2020-11-21-a\u0300-14.59.15.png\",\"contentUrl\":\"https:\/\/www.hansen-optic.ch\/wp-content\/uploads\/uploads\/2020\/11\/Capture-de\u0301cran-2020-11-21-a\u0300-14.59.15.png\",\"width\":564,\"height\":686},{\"@type\":\"BreadcrumbList\",\"@id\":\"https:\/\/www.hansen-optic.ch\/uncategorized\/vision-floue-surtout-de-presvous-allongez-les-bras-pour-voir-nette-nhesitez-pas-a-venir-faire-controler-votre-vue\/#breadcrumb\",\"itemListElement\":[{\"@type\":\"ListItem\",\"position\":1,\"name\":\"Home\",\"item\":\"https:\/\/www.hansen-optic.ch\/\"},{\"@type\":\"ListItem\",\"position\":2,\"name\":\"Vision floue, surtout de pr\u00e8s! Vous allongez les bras pour voir net ? N\u2019h\u00e9sitez pas \u00e0 venir faire contr\u00f4ler votre vue.\"}]},{\"@type\":\"WebSite\",\"@id\":\"https:\/\/www.hansen-optic.ch\/#website\",\"url\":\"https:\/\/www.hansen-optic.ch\/\",\"name\":\"Hansen-Optique SA\",\"description\":\"Qualit\u00e9 | Pr\u00e9cision | Proximit\u00e9 - Voyez mieux, vivez mieux!\",\"publisher\":{\"@id\":\"https:\/\/www.hansen-optic.ch\/#organization\"},\"potentialAction\":[{\"@type\":\"SearchAction\",\"target\":{\"@type\":\"EntryPoint\",\"urlTemplate\":\"https:\/\/www.hansen-optic.ch\/?s={search_term_string}\"},\"query-input\":{\"@type\":\"PropertyValueSpecification\",\"valueRequired\":true,\"valueName\":\"search_term_string\"}}],\"inLanguage\":\"de\"},{\"@type\":\"Organization\",\"@id\":\"https:\/\/www.hansen-optic.ch\/#organization\",\"name\":\"Hansen Optique SA\",\"url\":\"https:\/\/www.hansen-optic.ch\/\",\"logo\":{\"@type\":\"ImageObject\",\"inLanguage\":\"de\",\"@id\":\"https:\/\/www.hansen-optic.ch\/#\/schema\/logo\/image\/\",\"url\":\"https:\/\/www.hansen-optic.ch\/wp-content\/uploads\/2025\/06\/Hansen_optique-lunetterie-sierre.png\",\"contentUrl\":\"https:\/\/www.hansen-optic.ch\/wp-content\/uploads\/2025\/06\/Hansen_optique-lunetterie-sierre.png\",\"width\":1082,\"height\":258,\"caption\":\"Hansen Optique SA\"},\"image\":{\"@id\":\"https:\/\/www.hansen-optic.ch\/#\/schema\/logo\/image\/\"},\"sameAs\":[\"https:\/\/www.facebook.com\/HansenOptiqueSierre\/\",\"https:\/\/www.instagram.com\/hansen_optique_sa\/\"]},{\"@type\":\"Person\",\"@id\":\"https:\/\/www.hansen-optic.ch\/#\/schema\/person\/fd6708d4c6466fbdccbb93bd14b69522\",\"name\":\"admin\",\"image\":{\"@type\":\"ImageObject\",\"inLanguage\":\"de\",\"@id\":\"https:\/\/www.hansen-optic.ch\/#\/schema\/person\/image\/\",\"url\":\"https:\/\/secure.gravatar.com\/avatar\/954f05d308ef9edab2a00891c03ea7134632d97137acfa846d45f5d3c8aa02f0?s=96&d=mm&r=g\",\"contentUrl\":\"https:\/\/secure.gravatar.com\/avatar\/954f05d308ef9edab2a00891c03ea7134632d97137acfa846d45f5d3c8aa02f0?s=96&d=mm&r=g\",\"caption\":\"admin\"}}]}<\/script>\r\n<!-- \/ Yoast SEO plugin. -->","yoast_head_json":{"title":"Vision floue, surtout de pr\u00e8s! Vous allongez les bras pour voir net ? N\u2019h\u00e9sitez pas \u00e0 venir faire contr\u00f4ler votre vue. &#8226; Hansen-Optique SA","robots":{"index":"index","follow":"follow","max-snippet":"max-snippet:-1","max-image-preview":"max-image-preview:large","max-video-preview":"max-video-preview:-1"},"canonical":"https:\/\/www.hansen-optic.ch\/de\/uncategorized\/vision-floue-surtout-de-presvous-allongez-les-bras-pour-voir-nette-nhesitez-pas-a-venir-faire-controler-votre-vue\/","og_locale":"de_DE","og_type":"article","og_title":"Vision floue, surtout de pr\u00e8s! Vous allongez les bras pour voir net ? N\u2019h\u00e9sitez pas \u00e0 venir faire contr\u00f4ler votre vue. &#8226; Hansen-Optique SA","og_description":"Fatigue oculaire, difficult\u00e9s \u00e0 lire, incapacit\u00e9 \u00e0 faire la mise au point, vision floue de pr\u00e8s\u2026 Ce sont les premiers signes de la presbytie, un d\u00e9clin naturel de l&rsquo;accommodation visuelle qui n\u00e9cessite une correction sp\u00e9cifique, g\u00e9n\u00e9ralement apr\u00e8s 40 ans.&nbsp; Concr\u00e8tement, la \u00ab\u00a0mise au point\u00a0\u00bb de l\u2019\u0153il sur un objet proche se fait de moins en [&hellip;]","og_url":"https:\/\/www.hansen-optic.ch\/de\/uncategorized\/vision-floue-surtout-de-presvous-allongez-les-bras-pour-voir-nette-nhesitez-pas-a-venir-faire-controler-votre-vue\/","og_site_name":"Hansen-Optique SA","article_publisher":"https:\/\/www.facebook.com\/HansenOptiqueSierre\/","article_published_time":"2021-08-21T14:00:51+00:00","article_modified_time":"2021-08-24T07:04:24+00:00","og_image":[{"width":564,"height":686,"url":"https:\/\/www.hansen-optic.ch\/wp-content\/uploads\/2020\/11\/Capture-de\u0301cran-2020-11-21-a\u0300-14.59.15.png","type":"image\/png"}],"author":"admin","twitter_card":"summary_large_image","twitter_misc":{"Verfasst von":"admin","Gesch\u00e4tzte Lesezeit":"1\u00a0Minute"},"schema":{"@context":"https:\/\/schema.org","@graph":[{"@type":"Article","@id":"https:\/\/www.hansen-optic.ch\/uncategorized\/vision-floue-surtout-de-presvous-allongez-les-bras-pour-voir-nette-nhesitez-pas-a-venir-faire-controler-votre-vue\/#article","isPartOf":{"@id":"https:\/\/www.hansen-optic.ch\/uncategorized\/vision-floue-surtout-de-presvous-allongez-les-bras-pour-voir-nette-nhesitez-pas-a-venir-faire-controler-votre-vue\/"},"author":{"name":"admin","@id":"https:\/\/www.hansen-optic.ch\/#\/schema\/person\/fd6708d4c6466fbdccbb93bd14b69522"},"headline":"Vision floue, surtout de pr\u00e8s! Vous allongez les bras pour voir net ? N\u2019h\u00e9sitez pas \u00e0 venir faire contr\u00f4ler votre vue.","datePublished":"2021-08-21T14:00:51+00:00","dateModified":"2021-08-24T07:04:24+00:00","mainEntityOfPage":{"@id":"https:\/\/www.hansen-optic.ch\/uncategorized\/vision-floue-surtout-de-presvous-allongez-les-bras-pour-voir-nette-nhesitez-pas-a-venir-faire-controler-votre-vue\/"},"wordCount":177,"publisher":{"@id":"https:\/\/www.hansen-optic.ch\/#organization"},"image":{"@id":"https:\/\/www.hansen-optic.ch\/uncategorized\/vision-floue-surtout-de-presvous-allongez-les-bras-pour-voir-nette-nhesitez-pas-a-venir-faire-controler-votre-vue\/#primaryimage"},"thumbnailUrl":"https:\/\/www.hansen-optic.ch\/wp-content\/uploads\/uploads\/2020\/11\/Capture-de\u0301cran-2020-11-21-a\u0300-14.59.15.png","articleSection":["Actualit\u00e9s","Ev\u00e9nements","Uncategorized"],"inLanguage":"de"},{"@type":"WebPage","@id":"https:\/\/www.hansen-optic.ch\/uncategorized\/vision-floue-surtout-de-presvous-allongez-les-bras-pour-voir-nette-nhesitez-pas-a-venir-faire-controler-votre-vue\/","url":"https:\/\/www.hansen-optic.ch\/uncategorized\/vision-floue-surtout-de-presvous-allongez-les-bras-pour-voir-nette-nhesitez-pas-a-venir-faire-controler-votre-vue\/","name":"Vision floue, surtout de pr\u00e8s! Vous allongez les bras pour voir net ? N\u2019h\u00e9sitez pas \u00e0 venir faire contr\u00f4ler votre vue. &#8226; Hansen-Optique SA","isPartOf":{"@id":"https:\/\/www.hansen-optic.ch\/#website"},"primaryImageOfPage":{"@id":"https:\/\/www.hansen-optic.ch\/uncategorized\/vision-floue-surtout-de-presvous-allongez-les-bras-pour-voir-nette-nhesitez-pas-a-venir-faire-controler-votre-vue\/#primaryimage"},"image":{"@id":"https:\/\/www.hansen-optic.ch\/uncategorized\/vision-floue-surtout-de-presvous-allongez-les-bras-pour-voir-nette-nhesitez-pas-a-venir-faire-controler-votre-vue\/#primaryimage"},"thumbnailUrl":"https:\/\/www.hansen-optic.ch\/wp-content\/uploads\/uploads\/2020\/11\/Capture-de\u0301cran-2020-11-21-a\u0300-14.59.15.png","datePublished":"2021-08-21T14:00:51+00:00","dateModified":"2021-08-24T07:04:24+00:00","breadcrumb":{"@id":"https:\/\/www.hansen-optic.ch\/uncategorized\/vision-floue-surtout-de-presvous-allongez-les-bras-pour-voir-nette-nhesitez-pas-a-venir-faire-controler-votre-vue\/#breadcrumb"},"inLanguage":"de","potentialAction":[{"@type":"ReadAction","target":["https:\/\/www.hansen-optic.ch\/uncategorized\/vision-floue-surtout-de-presvous-allongez-les-bras-pour-voir-nette-nhesitez-pas-a-venir-faire-controler-votre-vue\/"]}]},{"@type":"ImageObject","inLanguage":"de","@id":"https:\/\/www.hansen-optic.ch\/uncategorized\/vision-floue-surtout-de-presvous-allongez-les-bras-pour-voir-nette-nhesitez-pas-a-venir-faire-controler-votre-vue\/#primaryimage","url":"https:\/\/www.hansen-optic.ch\/wp-content\/uploads\/uploads\/2020\/11\/Capture-de\u0301cran-2020-11-21-a\u0300-14.59.15.png","contentUrl":"https:\/\/www.hansen-optic.ch\/wp-content\/uploads\/uploads\/2020\/11\/Capture-de\u0301cran-2020-11-21-a\u0300-14.59.15.png","width":564,"height":686},{"@type":"BreadcrumbList","@id":"https:\/\/www.hansen-optic.ch\/uncategorized\/vision-floue-surtout-de-presvous-allongez-les-bras-pour-voir-nette-nhesitez-pas-a-venir-faire-controler-votre-vue\/#breadcrumb","itemListElement":[{"@type":"ListItem","position":1,"name":"Home","item":"https:\/\/www.hansen-optic.ch\/"},{"@type":"ListItem","position":2,"name":"Vision floue, surtout de pr\u00e8s! Vous allongez les bras pour voir net ? N\u2019h\u00e9sitez pas \u00e0 venir faire contr\u00f4ler votre vue."}]},{"@type":"WebSite","@id":"https:\/\/www.hansen-optic.ch\/#website","url":"https:\/\/www.hansen-optic.ch\/","name":"Hansen-Optique SA","description":"Qualit\u00e9 | Pr\u00e9cision | Proximit\u00e9 - Voyez mieux, vivez mieux!","publisher":{"@id":"https:\/\/www.hansen-optic.ch\/#organization"},"potentialAction":[{"@type":"SearchAction","target":{"@type":"EntryPoint","urlTemplate":"https:\/\/www.hansen-optic.ch\/?s={search_term_string}"},"query-input":{"@type":"PropertyValueSpecification","valueRequired":true,"valueName":"search_term_string"}}],"inLanguage":"de"},{"@type":"Organization","@id":"https:\/\/www.hansen-optic.ch\/#organization","name":"Hansen Optique SA","url":"https:\/\/www.hansen-optic.ch\/","logo":{"@type":"ImageObject","inLanguage":"de","@id":"https:\/\/www.hansen-optic.ch\/#\/schema\/logo\/image\/","url":"https:\/\/www.hansen-optic.ch\/wp-content\/uploads\/2025\/06\/Hansen_optique-lunetterie-sierre.png","contentUrl":"https:\/\/www.hansen-optic.ch\/wp-content\/uploads\/2025\/06\/Hansen_optique-lunetterie-sierre.png","width":1082,"height":258,"caption":"Hansen Optique SA"},"image":{"@id":"https:\/\/www.hansen-optic.ch\/#\/schema\/logo\/image\/"},"sameAs":["https:\/\/www.facebook.com\/HansenOptiqueSierre\/","https:\/\/www.instagram.com\/hansen_optique_sa\/"]},{"@type":"Person","@id":"https:\/\/www.hansen-optic.ch\/#\/schema\/person\/fd6708d4c6466fbdccbb93bd14b69522","name":"admin","image":{"@type":"ImageObject","inLanguage":"de","@id":"https:\/\/www.hansen-optic.ch\/#\/schema\/person\/image\/","url":"https:\/\/secure.gravatar.com\/avatar\/954f05d308ef9edab2a00891c03ea7134632d97137acfa846d45f5d3c8aa02f0?s=96&d=mm&r=g","contentUrl":"https:\/\/secure.gravatar.com\/avatar\/954f05d308ef9edab2a00891c03ea7134632d97137acfa846d45f5d3c8aa02f0?s=96&d=mm&r=g","caption":"admin"}}]}},"_links":{"self":[{"href":"https:\/\/www.hansen-optic.ch\/de\/wp-json\/wp\/v2\/posts\/1592","targetHints":{"allow":["GET"]}}],"collection":[{"href":"https:\/\/www.hansen-optic.ch\/de\/wp-json\/wp\/v2\/posts"}],"about":[{"href":"https:\/\/www.hansen-optic.ch\/de\/wp-json\/wp\/v2\/types\/post"}],"author":[{"embeddable":true,"href":"https:\/\/www.hansen-optic.ch\/de\/wp-json\/wp\/v2\/users\/1"}],"replies":[{"embeddable":true,"href":"https:\/\/www.hansen-optic.ch\/de\/wp-json\/wp\/v2\/comments?post=1592"}],"version-history":[{"count":5,"href":"https:\/\/www.hansen-optic.ch\/de\/wp-json\/wp\/v2\/posts\/1592\/revisions"}],"predecessor-version":[{"id":1622,"href":"https:\/\/www.hansen-optic.ch\/de\/wp-json\/wp\/v2\/posts\/1592\/revisions\/1622"}],"wp:featuredmedia":[{"embeddable":true,"href":"https:\/\/www.hansen-optic.ch\/de\/wp-json\/wp\/v2\/media\/1595"}],"wp:attachment":[{"href":"https:\/\/www.hansen-optic.ch\/de\/wp-json\/wp\/v2\/media?parent=1592"}],"wp:term":[{"taxonomy":"category","embeddable":true,"href":"https:\/\/www.hansen-optic.ch\/de\/wp-json\/wp\/v2\/categories?post=1592"},{"taxonomy":"post_tag","embeddable":true,"href":"https:\/\/www.hansen-optic.ch\/de\/wp-json\/wp\/v2\/tags?post=1592"}],"curies":[{"name":"wp","href":"https:\/\/api.w.org\/{rel}","templated":true}]}}