{"id":1932,"date":"2021-02-04T09:06:39","date_gmt":"2021-02-04T09:06:39","guid":{"rendered":"https:\/\/www.hansen-optic.ch\/?p=1932"},"modified":"2021-11-08T08:14:51","modified_gmt":"2021-11-08T08:14:51","slug":"coup-de-coeur-du-moment-2","status":"publish","type":"post","link":"https:\/\/www.hansen-optic.ch\/de\/evenements\/coup-de-coeur-du-moment-2\/","title":{"rendered":"Morel par Jean Nouvel"},"content":{"rendered":"<div data-elementor-type=\"wp-post\" data-elementor-id=\"1932\" class=\"elementor elementor-1932\" data-elementor-post-type=\"post\">\n\t\t\t\t\t\t<section class=\"elementor-section elementor-top-section elementor-element elementor-element-ccb8015 elementor-section-boxed elementor-section-height-default elementor-section-height-default\" data-id=\"ccb8015\" data-element_type=\"section\">\n\t\t\t\t\t\t<div class=\"elementor-container elementor-column-gap-default\">\n\t\t\t\t\t<div class=\"elementor-column elementor-col-100 elementor-top-column elementor-element elementor-element-393698f\" data-id=\"393698f\" data-element_type=\"column\">\n\t\t\t<div class=\"elementor-widget-wrap elementor-element-populated\">\n\t\t\t\t\t\t<div class=\"elementor-element elementor-element-9e2b104 elementor-widget elementor-widget-image\" data-id=\"9e2b104\" data-element_type=\"widget\" data-widget_type=\"image.default\">\n\t\t\t\t<div class=\"elementor-widget-container\">\n\t\t\t\t\t\t\t\t\t\t\t\t\t\t\t<img fetchpriority=\"high\" decoding=\"async\" width=\"692\" height=\"154\" src=\"https:\/\/www.hansen-optic.ch\/wp-content\/uploads\/uploads\/2021\/02\/jean-nouvel-petit-logo.png\" class=\"attachment-large size-large wp-image-1947\" alt=\"\" srcset=\"https:\/\/www.hansen-optic.ch\/wp-content\/uploads\/2021\/02\/jean-nouvel-petit-logo.png 692w, https:\/\/www.hansen-optic.ch\/wp-content\/uploads\/2021\/02\/jean-nouvel-petit-logo-300x67.png 300w, https:\/\/www.hansen-optic.ch\/wp-content\/uploads\/2021\/02\/jean-nouvel-petit-logo-16x4.png 16w\" sizes=\"(max-width: 692px) 100vw, 692px\" \/>\t\t\t\t\t\t\t\t\t\t\t\t\t\t\t<\/div>\n\t\t\t\t<\/div>\n\t\t\t\t\t<\/div>\n\t\t<\/div>\n\t\t\t\t\t<\/div>\n\t\t<\/section>\n\t\t\t\t<section class=\"elementor-section elementor-top-section elementor-element elementor-element-2da0db6 elementor-section-boxed elementor-section-height-default elementor-section-height-default\" data-id=\"2da0db6\" data-element_type=\"section\">\n\t\t\t\t\t\t<div class=\"elementor-container elementor-column-gap-default\">\n\t\t\t\t\t<div class=\"elementor-column elementor-col-100 elementor-top-column elementor-element elementor-element-5f3184dc\" data-id=\"5f3184dc\" data-element_type=\"column\">\n\t\t\t<div class=\"elementor-widget-wrap elementor-element-populated\">\n\t\t\t\t\t\t<div class=\"elementor-element elementor-element-27800f3a elementor-widget elementor-widget-text-editor\" data-id=\"27800f3a\" data-element_type=\"widget\" data-widget_type=\"text-editor.default\">\n\t\t\t\t<div class=\"elementor-widget-container\">\n\t\t\t\t\t\t\t\t\t<h4><\/h4>\n<h2 class=\"wp-block-heading\">Aussi \u00e9tonnante qu\u2019inattendue, la collaboration Morel par Jean Nouvel d\u00e9fie les aprioris en rapprochant deux univers \u00e9loign\u00e9s : l\u2019architecture et la lunetterie.<\/h2>\n<h2><\/h2>\n<h2 class=\"wp-block-heading\">D\u2019un c\u00f4t\u00e9 Morel, lunetier fran\u00e7ais depuis 1880\u00a0 et mondialement reconnu pour son savoir-faire. De l\u2019autre, Jean Nouvel, architecte contemporain de renomm\u00e9e internationale, connu pour ses r\u00e9alisations aussi exceptionnelles que complexes.<\/h2>\n<p>\u00a0<\/p>\n\t\t\t\t\t\t\t\t<\/div>\n\t\t\t\t<\/div>\n\t\t\t\t\t<\/div>\n\t\t<\/div>\n\t\t\t\t\t<\/div>\n\t\t<\/section>\n\t\t\t\t<section class=\"elementor-section elementor-top-section elementor-element elementor-element-131c285 elementor-section-boxed elementor-section-height-default elementor-section-height-default\" data-id=\"131c285\" data-element_type=\"section\">\n\t\t\t\t\t\t<div class=\"elementor-container elementor-column-gap-default\">\n\t\t\t\t\t<div class=\"elementor-column elementor-col-50 elementor-top-column elementor-element elementor-element-38542da\" data-id=\"38542da\" data-element_type=\"column\">\n\t\t\t<div class=\"elementor-widget-wrap elementor-element-populated\">\n\t\t\t\t\t\t<div class=\"elementor-element elementor-element-d246b57 elementor-widget elementor-widget-text-editor\" data-id=\"d246b57\" data-element_type=\"widget\" data-widget_type=\"text-editor.default\">\n\t\t\t\t<div class=\"elementor-widget-container\">\n\t\t\t\t\t\t\t\t\t<h3>Une collaboration consiste \u00e0 cr\u00e9er des ponts entre des univers qui au d\u00e9part ne semblent pas compatibles. L\u2019architecture et la lunetterie&#8230;. Un rapprochement surprenant ? Pas tant que \u00e7a&#8230; Ne parle-t-on pas, dans les deux m\u00e9tiers, de mat\u00e9riaux, de structures, de lignes&#8230; Ne r\u00e9fl\u00e9chit-on pas \u00e0 d\u2019abord \u00e0 l\u2019utilisation mais aussi \u00e0 des attitudes&#8230; Ce sont ces points communs qui ont fait du rapprochement entre Jean Nouvel, architecte conceptualiste et Morel, lunetier reconnu pour son savoir-faire une v\u00e9ritable aventure cr\u00e9ative. Le r\u00e9sultat de cette collaboration est une collection capsule m\u00ealant lignes architecturales, mat\u00e9riaux nobles et savoir-faire lunetier . Des montures \u00e0 forte personnalit\u00e9, et sans compromis comme les acteurs de ce partenariat !<\/h3>\t\t\t\t\t\t\t\t<\/div>\n\t\t\t\t<\/div>\n\t\t\t\t\t<\/div>\n\t\t<\/div>\n\t\t\t\t<div class=\"elementor-column elementor-col-50 elementor-top-column elementor-element elementor-element-883553e\" data-id=\"883553e\" data-element_type=\"column\">\n\t\t\t<div class=\"elementor-widget-wrap elementor-element-populated\">\n\t\t\t\t\t\t<div class=\"elementor-element elementor-element-7dfc99b elementor-widget elementor-widget-image\" data-id=\"7dfc99b\" data-element_type=\"widget\" data-widget_type=\"image.default\">\n\t\t\t\t<div class=\"elementor-widget-container\">\n\t\t\t\t\t\t\t\t\t\t\t\t\t\t\t<img decoding=\"async\" width=\"800\" height=\"802\" src=\"https:\/\/www.hansen-optic.ch\/wp-content\/uploads\/uploads\/2021\/02\/jean-nouvel-nov2021-1021x1024.png\" class=\"attachment-large size-large wp-image-2199\" alt=\"\" srcset=\"https:\/\/www.hansen-optic.ch\/wp-content\/uploads\/2021\/02\/jean-nouvel-nov2021-1021x1024.png 1021w, https:\/\/www.hansen-optic.ch\/wp-content\/uploads\/2021\/02\/jean-nouvel-nov2021-300x300.png 300w, https:\/\/www.hansen-optic.ch\/wp-content\/uploads\/2021\/02\/jean-nouvel-nov2021-150x150.png 150w, https:\/\/www.hansen-optic.ch\/wp-content\/uploads\/2021\/02\/jean-nouvel-nov2021-768x770.png 768w, https:\/\/www.hansen-optic.ch\/wp-content\/uploads\/2021\/02\/jean-nouvel-nov2021-12x12.png 12w, https:\/\/www.hansen-optic.ch\/wp-content\/uploads\/2021\/02\/jean-nouvel-nov2021.png 1460w\" sizes=\"(max-width: 800px) 100vw, 800px\" \/>\t\t\t\t\t\t\t\t\t\t\t\t\t\t\t<\/div>\n\t\t\t\t<\/div>\n\t\t\t\t\t<\/div>\n\t\t<\/div>\n\t\t\t\t\t<\/div>\n\t\t<\/section>\n\t\t\t\t<section class=\"elementor-section elementor-top-section elementor-element elementor-element-ecce274 elementor-section-boxed elementor-section-height-default elementor-section-height-default\" data-id=\"ecce274\" data-element_type=\"section\">\n\t\t\t\t\t\t<div class=\"elementor-container elementor-column-gap-default\">\n\t\t\t\t\t<div class=\"elementor-column elementor-col-50 elementor-top-column elementor-element elementor-element-50f7476\" data-id=\"50f7476\" data-element_type=\"column\">\n\t\t\t<div class=\"elementor-widget-wrap elementor-element-populated\">\n\t\t\t\t\t\t<div class=\"elementor-element elementor-element-bc29d42 elementor-widget elementor-widget-image\" data-id=\"bc29d42\" data-element_type=\"widget\" data-widget_type=\"image.default\">\n\t\t\t\t<div class=\"elementor-widget-container\">\n\t\t\t\t\t\t\t\t\t\t\t\t\t\t\t<img decoding=\"async\" width=\"800\" height=\"526\" src=\"https:\/\/www.hansen-optic.ch\/wp-content\/uploads\/uploads\/2021\/02\/jean-nouvel-nov32021-1024x673.png\" class=\"attachment-large size-large wp-image-2207\" alt=\"\" srcset=\"https:\/\/www.hansen-optic.ch\/wp-content\/uploads\/2021\/02\/jean-nouvel-nov32021-1024x673.png 1024w, https:\/\/www.hansen-optic.ch\/wp-content\/uploads\/2021\/02\/jean-nouvel-nov32021-300x197.png 300w, https:\/\/www.hansen-optic.ch\/wp-content\/uploads\/2021\/02\/jean-nouvel-nov32021-768x505.png 768w, https:\/\/www.hansen-optic.ch\/wp-content\/uploads\/2021\/02\/jean-nouvel-nov32021-18x12.png 18w, https:\/\/www.hansen-optic.ch\/wp-content\/uploads\/2021\/02\/jean-nouvel-nov32021.png 1378w\" sizes=\"(max-width: 800px) 100vw, 800px\" \/>\t\t\t\t\t\t\t\t\t\t\t\t\t\t\t<\/div>\n\t\t\t\t<\/div>\n\t\t\t\t<div class=\"elementor-element elementor-element-0b520f2 elementor-widget elementor-widget-text-editor\" data-id=\"0b520f2\" data-element_type=\"widget\" data-widget_type=\"text-editor.default\">\n\t\t\t\t<div class=\"elementor-widget-container\">\n\t\t\t\t\t\t\t\t\t<h3>The new National Museum of Qatar designed by Ateliers Jean Nouvel<\/h3>\t\t\t\t\t\t\t\t<\/div>\n\t\t\t\t<\/div>\n\t\t\t\t\t<\/div>\n\t\t<\/div>\n\t\t\t\t<div class=\"elementor-column elementor-col-50 elementor-top-column elementor-element elementor-element-3f91748\" data-id=\"3f91748\" data-element_type=\"column\">\n\t\t\t<div class=\"elementor-widget-wrap elementor-element-populated\">\n\t\t\t\t\t\t<div class=\"elementor-element elementor-element-9d304ba elementor-widget elementor-widget-text-editor\" data-id=\"9d304ba\" data-element_type=\"widget\" data-widget_type=\"text-editor.default\">\n\t\t\t\t<div class=\"elementor-widget-container\">\n\t\t\t\t\t\t\t\t\t<h3>Morel par Jean Nouvel est une collection issue du mariage entre le monde de l\u2019architecture et celui de la lunetterie. C\u2019est un v\u00e9ritable exercice de style qui d\u00e9coule d\u2019une r\u00e9flexion commune autour de la structure, des mat\u00e9riaux, mais aussi des attitudes. Rien n\u2019est laiss\u00e9 au hasard, tout est pens\u00e9, imagin\u00e9 et con\u00e7u de fa\u00e7on \u00e0 offrir un produit premium, sans concession.La collection Morel par Jean Nouvel propose des montures audacieuses, aux lignes franches et au caract\u00e8re affirm\u00e9. D\u00e9clin\u00e9es en deux formes mixtes, ronde et pantos ; celles-ci sont \u00e9galement disponibles en deux mati\u00e8res : m\u00e9tal et ac\u00e9tate. L\u2019ac\u00e9tate, d\u2019une part, pour son jouer sur la profondeur et les couleurs et le titane, d\u2019autre part, pour son extr\u00eame finesse et sa l\u00e9g\u00e8ret\u00e9. Les montures sont rehauss\u00e9es d\u2019un nez droit, franc qui se prolonge \u00e0 l\u2019ext\u00e9rieur de la face pour offrir des lunettes structur\u00e9es, aux lignes architecturales. Les branches des montures m\u00e9tal sont fines et droites pour une monture structur\u00e9e jusqu\u2019au bout du manchon. Les branches ac\u00e9tates sont plus imposantes, avec une soie visible par transparence.Chaque concept a sa propre version solaire pour un look toujours plus audacieux, terriblement tendance. Les lunettes de soleil de la collection Morel par Jean Nouvel sont toutes \u00e9quip\u00e9es de verres polaris\u00e9s et d\u00e9grad\u00e9s. Morel par Jean Nouvel offre des lunettes pleines de caract\u00e8res et savamment \u00e9tudi\u00e9es qui r\u00e9sultent d\u2019une collaboration in\u00e9dite entre l\u2019architecture et la lunetterie.<\/h3>\t\t\t\t\t\t\t\t<\/div>\n\t\t\t\t<\/div>\n\t\t\t\t\t<\/div>\n\t\t<\/div>\n\t\t\t\t\t<\/div>\n\t\t<\/section>\n\t\t\t\t<section class=\"elementor-section elementor-top-section elementor-element elementor-element-954f625 elementor-section-boxed elementor-section-height-default elementor-section-height-default\" data-id=\"954f625\" data-element_type=\"section\">\n\t\t\t\t\t\t<div class=\"elementor-container elementor-column-gap-default\">\n\t\t\t\t\t<div class=\"elementor-column elementor-col-33 elementor-top-column elementor-element elementor-element-cd8641b\" data-id=\"cd8641b\" data-element_type=\"column\">\n\t\t\t<div class=\"elementor-widget-wrap elementor-element-populated\">\n\t\t\t\t\t\t<div class=\"elementor-element elementor-element-2e243ee elementor-widget elementor-widget-image\" data-id=\"2e243ee\" data-element_type=\"widget\" data-widget_type=\"image.default\">\n\t\t\t\t<div class=\"elementor-widget-container\">\n\t\t\t\t\t\t\t\t\t\t\t\t\t\t\t<img loading=\"lazy\" decoding=\"async\" width=\"468\" height=\"596\" src=\"https:\/\/www.hansen-optic.ch\/wp-content\/uploads\/uploads\/2021\/02\/jean-nouvel-portrait.png\" class=\"attachment-large size-large wp-image-1938\" alt=\"\" srcset=\"https:\/\/www.hansen-optic.ch\/wp-content\/uploads\/2021\/02\/jean-nouvel-portrait.png 468w, https:\/\/www.hansen-optic.ch\/wp-content\/uploads\/2021\/02\/jean-nouvel-portrait-236x300.png 236w, https:\/\/www.hansen-optic.ch\/wp-content\/uploads\/2021\/02\/jean-nouvel-portrait-9x12.png 9w\" sizes=\"(max-width: 468px) 100vw, 468px\" \/>\t\t\t\t\t\t\t\t\t\t\t\t\t\t\t<\/div>\n\t\t\t\t<\/div>\n\t\t\t\t\t<\/div>\n\t\t<\/div>\n\t\t\t\t<div class=\"elementor-column elementor-col-33 elementor-top-column elementor-element elementor-element-099e5c4\" data-id=\"099e5c4\" data-element_type=\"column\">\n\t\t\t<div class=\"elementor-widget-wrap elementor-element-populated\">\n\t\t\t\t\t\t<div class=\"elementor-element elementor-element-16513f5 elementor-widget elementor-widget-text-editor\" data-id=\"16513f5\" data-element_type=\"widget\" data-widget_type=\"text-editor.default\">\n\t\t\t\t<div class=\"elementor-widget-container\">\n\t\t\t\t\t\t\t\t\t<h4>\u00a0<\/h4>\n<h3>Architecture conceptualiste de renomm\u00e9e mondiale, Jean Nouvel ne cesse de se balader dans ce monde en mouvement insatiable de son envie d\u2019exp\u00e9rimentation et son d\u00e9sir de multiplier les d\u00e9fis. Sa philosophie : une recherche de l\u2019\u00e9l\u00e9mentarit\u00e9 \u00e0 tout prix, de la structure simple et pure.\u00a0<\/h3>\t\t\t\t\t\t\t\t<\/div>\n\t\t\t\t<\/div>\n\t\t\t\t\t<\/div>\n\t\t<\/div>\n\t\t\t\t<div class=\"elementor-column elementor-col-33 elementor-top-column elementor-element elementor-element-5e010fb\" data-id=\"5e010fb\" data-element_type=\"column\">\n\t\t\t<div class=\"elementor-widget-wrap elementor-element-populated\">\n\t\t\t\t\t\t<div class=\"elementor-element elementor-element-fbb3e28 elementor-widget elementor-widget-image\" data-id=\"fbb3e28\" data-element_type=\"widget\" data-widget_type=\"image.default\">\n\t\t\t\t<div class=\"elementor-widget-container\">\n\t\t\t\t\t\t\t\t\t\t\t\t\t\t\t<img loading=\"lazy\" decoding=\"async\" width=\"800\" height=\"638\" src=\"https:\/\/www.hansen-optic.ch\/wp-content\/uploads\/uploads\/2021\/02\/jean-nouvel-nov12021-1024x817.png\" class=\"attachment-large size-large wp-image-2200\" alt=\"\" srcset=\"https:\/\/www.hansen-optic.ch\/wp-content\/uploads\/2021\/02\/jean-nouvel-nov12021-1024x817.png 1024w, https:\/\/www.hansen-optic.ch\/wp-content\/uploads\/2021\/02\/jean-nouvel-nov12021-300x239.png 300w, https:\/\/www.hansen-optic.ch\/wp-content\/uploads\/2021\/02\/jean-nouvel-nov12021-768x613.png 768w, https:\/\/www.hansen-optic.ch\/wp-content\/uploads\/2021\/02\/jean-nouvel-nov12021-15x12.png 15w, https:\/\/www.hansen-optic.ch\/wp-content\/uploads\/2021\/02\/jean-nouvel-nov12021.png 1494w\" sizes=\"(max-width: 800px) 100vw, 800px\" \/>\t\t\t\t\t\t\t\t\t\t\t\t\t\t\t<\/div>\n\t\t\t\t<\/div>\n\t\t\t\t\t<\/div>\n\t\t<\/div>\n\t\t\t\t\t<\/div>\n\t\t<\/section>\n\t\t\t\t<\/div>","protected":false},"excerpt":{"rendered":"<p>Aussi \u00e9tonnante qu\u2019inattendue, la collaboration Morel par Jean Nouvel d\u00e9fie les aprioris en rapprochant deux univers \u00e9loign\u00e9s : l\u2019architecture et la lunetterie. D\u2019un c\u00f4t\u00e9 Morel, lunetier fran\u00e7ais depuis 1880\u00a0 et mondialement reconnu pour son savoir-faire. De l\u2019autre, Jean Nouvel, architecte contemporain de renomm\u00e9e internationale, connu pour ses r\u00e9alisations aussi exceptionnelles que complexes. \u00a0 Une collaboration [&hellip;]<\/p>","protected":false},"author":1,"featured_media":2205,"comment_status":"closed","ping_status":"open","sticky":false,"template":"","format":"standard","meta":{"footnotes":""},"categories":[6,4],"tags":[],"class_list":["post-1932","post","type-post","status-publish","format-standard","has-post-thumbnail","hentry","category-actualites","category-evenements"],"yoast_head":"<!-- This site is optimized with the Yoast SEO plugin v25.8 - https:\/\/yoast.com\/wordpress\/plugins\/seo\/ -->\r\n<title>Morel par Jean Nouvel &#8226; Hansen-Optique SA<\/title>\r\n<meta name=\"robots\" content=\"index, follow, max-snippet:-1, max-image-preview:large, max-video-preview:-1\" \/>\r\n<link rel=\"canonical\" href=\"https:\/\/www.hansen-optic.ch\/de\/evenements\/coup-de-coeur-du-moment-2\/\" \/>\r\n<meta property=\"og:locale\" content=\"de_DE\" \/>\r\n<meta property=\"og:type\" content=\"article\" \/>\r\n<meta property=\"og:title\" content=\"Morel par Jean Nouvel &#8226; Hansen-Optique SA\" \/>\r\n<meta property=\"og:description\" content=\"Aussi \u00e9tonnante qu\u2019inattendue, la collaboration Morel par Jean Nouvel d\u00e9fie les aprioris en rapprochant deux univers \u00e9loign\u00e9s : l\u2019architecture et la lunetterie. D\u2019un c\u00f4t\u00e9 Morel, lunetier fran\u00e7ais depuis 1880\u00a0 et mondialement reconnu pour son savoir-faire. De l\u2019autre, Jean Nouvel, architecte contemporain de renomm\u00e9e internationale, connu pour ses r\u00e9alisations aussi exceptionnelles que complexes. \u00a0 Une collaboration [&hellip;]\" \/>\r\n<meta property=\"og:url\" content=\"https:\/\/www.hansen-optic.ch\/de\/evenements\/coup-de-coeur-du-moment-2\/\" \/>\r\n<meta property=\"og:site_name\" content=\"Hansen-Optique SA\" \/>\r\n<meta property=\"article:publisher\" content=\"https:\/\/www.facebook.com\/HansenOptiqueSierre\/\" \/>\r\n<meta property=\"article:published_time\" content=\"2021-02-04T09:06:39+00:00\" \/>\r\n<meta property=\"article:modified_time\" content=\"2021-11-08T08:14:51+00:00\" \/>\r\n<meta property=\"og:image\" content=\"https:\/\/www.hansen-optic.ch\/wp-content\/uploads\/2021\/02\/jean-nouvel-nov22021.png\" \/>\r\n\t<meta property=\"og:image:width\" content=\"1458\" \/>\r\n\t<meta property=\"og:image:height\" content=\"1512\" \/>\r\n\t<meta property=\"og:image:type\" content=\"image\/png\" \/>\r\n<meta name=\"author\" content=\"admin\" \/>\r\n<meta name=\"twitter:card\" content=\"summary_large_image\" \/>\r\n<meta name=\"twitter:label1\" content=\"Verfasst von\" \/>\n\t<meta name=\"twitter:data1\" content=\"admin\" \/>\n\t<meta name=\"twitter:label2\" content=\"Gesch\u00e4tzte Lesezeit\" \/>\n\t<meta name=\"twitter:data2\" content=\"3\u00a0Minuten\" \/>\r\n<script type=\"application\/ld+json\" class=\"yoast-schema-graph\">{\"@context\":\"https:\/\/schema.org\",\"@graph\":[{\"@type\":\"Article\",\"@id\":\"https:\/\/www.hansen-optic.ch\/evenements\/coup-de-coeur-du-moment-2\/#article\",\"isPartOf\":{\"@id\":\"https:\/\/www.hansen-optic.ch\/evenements\/coup-de-coeur-du-moment-2\/\"},\"author\":{\"name\":\"admin\",\"@id\":\"https:\/\/www.hansen-optic.ch\/#\/schema\/person\/fd6708d4c6466fbdccbb93bd14b69522\"},\"headline\":\"Morel par Jean Nouvel\",\"datePublished\":\"2021-02-04T09:06:39+00:00\",\"dateModified\":\"2021-11-08T08:14:51+00:00\",\"mainEntityOfPage\":{\"@id\":\"https:\/\/www.hansen-optic.ch\/evenements\/coup-de-coeur-du-moment-2\/\"},\"wordCount\":514,\"publisher\":{\"@id\":\"https:\/\/www.hansen-optic.ch\/#organization\"},\"image\":{\"@id\":\"https:\/\/www.hansen-optic.ch\/evenements\/coup-de-coeur-du-moment-2\/#primaryimage\"},\"thumbnailUrl\":\"https:\/\/www.hansen-optic.ch\/wp-content\/uploads\/uploads\/2021\/02\/jean-nouvel-nov22021.png\",\"articleSection\":[\"Actualit\u00e9s\",\"Ev\u00e9nements\"],\"inLanguage\":\"de\"},{\"@type\":\"WebPage\",\"@id\":\"https:\/\/www.hansen-optic.ch\/evenements\/coup-de-coeur-du-moment-2\/\",\"url\":\"https:\/\/www.hansen-optic.ch\/evenements\/coup-de-coeur-du-moment-2\/\",\"name\":\"Morel par Jean Nouvel &#8226; Hansen-Optique SA\",\"isPartOf\":{\"@id\":\"https:\/\/www.hansen-optic.ch\/#website\"},\"primaryImageOfPage\":{\"@id\":\"https:\/\/www.hansen-optic.ch\/evenements\/coup-de-coeur-du-moment-2\/#primaryimage\"},\"image\":{\"@id\":\"https:\/\/www.hansen-optic.ch\/evenements\/coup-de-coeur-du-moment-2\/#primaryimage\"},\"thumbnailUrl\":\"https:\/\/www.hansen-optic.ch\/wp-content\/uploads\/uploads\/2021\/02\/jean-nouvel-nov22021.png\",\"datePublished\":\"2021-02-04T09:06:39+00:00\",\"dateModified\":\"2021-11-08T08:14:51+00:00\",\"breadcrumb\":{\"@id\":\"https:\/\/www.hansen-optic.ch\/evenements\/coup-de-coeur-du-moment-2\/#breadcrumb\"},\"inLanguage\":\"de\",\"potentialAction\":[{\"@type\":\"ReadAction\",\"target\":[\"https:\/\/www.hansen-optic.ch\/evenements\/coup-de-coeur-du-moment-2\/\"]}]},{\"@type\":\"ImageObject\",\"inLanguage\":\"de\",\"@id\":\"https:\/\/www.hansen-optic.ch\/evenements\/coup-de-coeur-du-moment-2\/#primaryimage\",\"url\":\"https:\/\/www.hansen-optic.ch\/wp-content\/uploads\/uploads\/2021\/02\/jean-nouvel-nov22021.png\",\"contentUrl\":\"https:\/\/www.hansen-optic.ch\/wp-content\/uploads\/uploads\/2021\/02\/jean-nouvel-nov22021.png\",\"width\":1458,\"height\":1512},{\"@type\":\"BreadcrumbList\",\"@id\":\"https:\/\/www.hansen-optic.ch\/evenements\/coup-de-coeur-du-moment-2\/#breadcrumb\",\"itemListElement\":[{\"@type\":\"ListItem\",\"position\":1,\"name\":\"Home\",\"item\":\"https:\/\/www.hansen-optic.ch\/\"},{\"@type\":\"ListItem\",\"position\":2,\"name\":\"Morel par Jean Nouvel\"}]},{\"@type\":\"WebSite\",\"@id\":\"https:\/\/www.hansen-optic.ch\/#website\",\"url\":\"https:\/\/www.hansen-optic.ch\/\",\"name\":\"Hansen-Optique SA\",\"description\":\"Qualit\u00e9 | Pr\u00e9cision | Proximit\u00e9 - Voyez mieux, vivez mieux!\",\"publisher\":{\"@id\":\"https:\/\/www.hansen-optic.ch\/#organization\"},\"potentialAction\":[{\"@type\":\"SearchAction\",\"target\":{\"@type\":\"EntryPoint\",\"urlTemplate\":\"https:\/\/www.hansen-optic.ch\/?s={search_term_string}\"},\"query-input\":{\"@type\":\"PropertyValueSpecification\",\"valueRequired\":true,\"valueName\":\"search_term_string\"}}],\"inLanguage\":\"de\"},{\"@type\":\"Organization\",\"@id\":\"https:\/\/www.hansen-optic.ch\/#organization\",\"name\":\"Hansen Optique SA\",\"url\":\"https:\/\/www.hansen-optic.ch\/\",\"logo\":{\"@type\":\"ImageObject\",\"inLanguage\":\"de\",\"@id\":\"https:\/\/www.hansen-optic.ch\/#\/schema\/logo\/image\/\",\"url\":\"https:\/\/www.hansen-optic.ch\/wp-content\/uploads\/2025\/06\/Hansen_optique-lunetterie-sierre.png\",\"contentUrl\":\"https:\/\/www.hansen-optic.ch\/wp-content\/uploads\/2025\/06\/Hansen_optique-lunetterie-sierre.png\",\"width\":1082,\"height\":258,\"caption\":\"Hansen Optique SA\"},\"image\":{\"@id\":\"https:\/\/www.hansen-optic.ch\/#\/schema\/logo\/image\/\"},\"sameAs\":[\"https:\/\/www.facebook.com\/HansenOptiqueSierre\/\",\"https:\/\/www.instagram.com\/hansen_optique_sa\/\"]},{\"@type\":\"Person\",\"@id\":\"https:\/\/www.hansen-optic.ch\/#\/schema\/person\/fd6708d4c6466fbdccbb93bd14b69522\",\"name\":\"admin\",\"image\":{\"@type\":\"ImageObject\",\"inLanguage\":\"de\",\"@id\":\"https:\/\/www.hansen-optic.ch\/#\/schema\/person\/image\/\",\"url\":\"https:\/\/secure.gravatar.com\/avatar\/954f05d308ef9edab2a00891c03ea7134632d97137acfa846d45f5d3c8aa02f0?s=96&d=mm&r=g\",\"contentUrl\":\"https:\/\/secure.gravatar.com\/avatar\/954f05d308ef9edab2a00891c03ea7134632d97137acfa846d45f5d3c8aa02f0?s=96&d=mm&r=g\",\"caption\":\"admin\"}}]}<\/script>\r\n<!-- \/ Yoast SEO plugin. -->","yoast_head_json":{"title":"Morel par Jean Nouvel &#8226; Hansen-Optique SA","robots":{"index":"index","follow":"follow","max-snippet":"max-snippet:-1","max-image-preview":"max-image-preview:large","max-video-preview":"max-video-preview:-1"},"canonical":"https:\/\/www.hansen-optic.ch\/de\/evenements\/coup-de-coeur-du-moment-2\/","og_locale":"de_DE","og_type":"article","og_title":"Morel par Jean Nouvel &#8226; Hansen-Optique SA","og_description":"Aussi \u00e9tonnante qu\u2019inattendue, la collaboration Morel par Jean Nouvel d\u00e9fie les aprioris en rapprochant deux univers \u00e9loign\u00e9s : l\u2019architecture et la lunetterie. D\u2019un c\u00f4t\u00e9 Morel, lunetier fran\u00e7ais depuis 1880\u00a0 et mondialement reconnu pour son savoir-faire. De l\u2019autre, Jean Nouvel, architecte contemporain de renomm\u00e9e internationale, connu pour ses r\u00e9alisations aussi exceptionnelles que complexes. \u00a0 Une collaboration [&hellip;]","og_url":"https:\/\/www.hansen-optic.ch\/de\/evenements\/coup-de-coeur-du-moment-2\/","og_site_name":"Hansen-Optique SA","article_publisher":"https:\/\/www.facebook.com\/HansenOptiqueSierre\/","article_published_time":"2021-02-04T09:06:39+00:00","article_modified_time":"2021-11-08T08:14:51+00:00","og_image":[{"width":1458,"height":1512,"url":"https:\/\/www.hansen-optic.ch\/wp-content\/uploads\/2021\/02\/jean-nouvel-nov22021.png","type":"image\/png"}],"author":"admin","twitter_card":"summary_large_image","twitter_misc":{"Verfasst von":"admin","Gesch\u00e4tzte Lesezeit":"3\u00a0Minuten"},"schema":{"@context":"https:\/\/schema.org","@graph":[{"@type":"Article","@id":"https:\/\/www.hansen-optic.ch\/evenements\/coup-de-coeur-du-moment-2\/#article","isPartOf":{"@id":"https:\/\/www.hansen-optic.ch\/evenements\/coup-de-coeur-du-moment-2\/"},"author":{"name":"admin","@id":"https:\/\/www.hansen-optic.ch\/#\/schema\/person\/fd6708d4c6466fbdccbb93bd14b69522"},"headline":"Morel par Jean Nouvel","datePublished":"2021-02-04T09:06:39+00:00","dateModified":"2021-11-08T08:14:51+00:00","mainEntityOfPage":{"@id":"https:\/\/www.hansen-optic.ch\/evenements\/coup-de-coeur-du-moment-2\/"},"wordCount":514,"publisher":{"@id":"https:\/\/www.hansen-optic.ch\/#organization"},"image":{"@id":"https:\/\/www.hansen-optic.ch\/evenements\/coup-de-coeur-du-moment-2\/#primaryimage"},"thumbnailUrl":"https:\/\/www.hansen-optic.ch\/wp-content\/uploads\/uploads\/2021\/02\/jean-nouvel-nov22021.png","articleSection":["Actualit\u00e9s","Ev\u00e9nements"],"inLanguage":"de"},{"@type":"WebPage","@id":"https:\/\/www.hansen-optic.ch\/evenements\/coup-de-coeur-du-moment-2\/","url":"https:\/\/www.hansen-optic.ch\/evenements\/coup-de-coeur-du-moment-2\/","name":"Morel par Jean Nouvel &#8226; Hansen-Optique SA","isPartOf":{"@id":"https:\/\/www.hansen-optic.ch\/#website"},"primaryImageOfPage":{"@id":"https:\/\/www.hansen-optic.ch\/evenements\/coup-de-coeur-du-moment-2\/#primaryimage"},"image":{"@id":"https:\/\/www.hansen-optic.ch\/evenements\/coup-de-coeur-du-moment-2\/#primaryimage"},"thumbnailUrl":"https:\/\/www.hansen-optic.ch\/wp-content\/uploads\/uploads\/2021\/02\/jean-nouvel-nov22021.png","datePublished":"2021-02-04T09:06:39+00:00","dateModified":"2021-11-08T08:14:51+00:00","breadcrumb":{"@id":"https:\/\/www.hansen-optic.ch\/evenements\/coup-de-coeur-du-moment-2\/#breadcrumb"},"inLanguage":"de","potentialAction":[{"@type":"ReadAction","target":["https:\/\/www.hansen-optic.ch\/evenements\/coup-de-coeur-du-moment-2\/"]}]},{"@type":"ImageObject","inLanguage":"de","@id":"https:\/\/www.hansen-optic.ch\/evenements\/coup-de-coeur-du-moment-2\/#primaryimage","url":"https:\/\/www.hansen-optic.ch\/wp-content\/uploads\/uploads\/2021\/02\/jean-nouvel-nov22021.png","contentUrl":"https:\/\/www.hansen-optic.ch\/wp-content\/uploads\/uploads\/2021\/02\/jean-nouvel-nov22021.png","width":1458,"height":1512},{"@type":"BreadcrumbList","@id":"https:\/\/www.hansen-optic.ch\/evenements\/coup-de-coeur-du-moment-2\/#breadcrumb","itemListElement":[{"@type":"ListItem","position":1,"name":"Home","item":"https:\/\/www.hansen-optic.ch\/"},{"@type":"ListItem","position":2,"name":"Morel par Jean Nouvel"}]},{"@type":"WebSite","@id":"https:\/\/www.hansen-optic.ch\/#website","url":"https:\/\/www.hansen-optic.ch\/","name":"Hansen-Optique SA","description":"Qualit\u00e9 | Pr\u00e9cision | Proximit\u00e9 - Voyez mieux, vivez mieux!","publisher":{"@id":"https:\/\/www.hansen-optic.ch\/#organization"},"potentialAction":[{"@type":"SearchAction","target":{"@type":"EntryPoint","urlTemplate":"https:\/\/www.hansen-optic.ch\/?s={search_term_string}"},"query-input":{"@type":"PropertyValueSpecification","valueRequired":true,"valueName":"search_term_string"}}],"inLanguage":"de"},{"@type":"Organization","@id":"https:\/\/www.hansen-optic.ch\/#organization","name":"Hansen Optique SA","url":"https:\/\/www.hansen-optic.ch\/","logo":{"@type":"ImageObject","inLanguage":"de","@id":"https:\/\/www.hansen-optic.ch\/#\/schema\/logo\/image\/","url":"https:\/\/www.hansen-optic.ch\/wp-content\/uploads\/2025\/06\/Hansen_optique-lunetterie-sierre.png","contentUrl":"https:\/\/www.hansen-optic.ch\/wp-content\/uploads\/2025\/06\/Hansen_optique-lunetterie-sierre.png","width":1082,"height":258,"caption":"Hansen Optique SA"},"image":{"@id":"https:\/\/www.hansen-optic.ch\/#\/schema\/logo\/image\/"},"sameAs":["https:\/\/www.facebook.com\/HansenOptiqueSierre\/","https:\/\/www.instagram.com\/hansen_optique_sa\/"]},{"@type":"Person","@id":"https:\/\/www.hansen-optic.ch\/#\/schema\/person\/fd6708d4c6466fbdccbb93bd14b69522","name":"admin","image":{"@type":"ImageObject","inLanguage":"de","@id":"https:\/\/www.hansen-optic.ch\/#\/schema\/person\/image\/","url":"https:\/\/secure.gravatar.com\/avatar\/954f05d308ef9edab2a00891c03ea7134632d97137acfa846d45f5d3c8aa02f0?s=96&d=mm&r=g","contentUrl":"https:\/\/secure.gravatar.com\/avatar\/954f05d308ef9edab2a00891c03ea7134632d97137acfa846d45f5d3c8aa02f0?s=96&d=mm&r=g","caption":"admin"}}]}},"_links":{"self":[{"href":"https:\/\/www.hansen-optic.ch\/de\/wp-json\/wp\/v2\/posts\/1932","targetHints":{"allow":["GET"]}}],"collection":[{"href":"https:\/\/www.hansen-optic.ch\/de\/wp-json\/wp\/v2\/posts"}],"about":[{"href":"https:\/\/www.hansen-optic.ch\/de\/wp-json\/wp\/v2\/types\/post"}],"author":[{"embeddable":true,"href":"https:\/\/www.hansen-optic.ch\/de\/wp-json\/wp\/v2\/users\/1"}],"replies":[{"embeddable":true,"href":"https:\/\/www.hansen-optic.ch\/de\/wp-json\/wp\/v2\/comments?post=1932"}],"version-history":[{"count":5,"href":"https:\/\/www.hansen-optic.ch\/de\/wp-json\/wp\/v2\/posts\/1932\/revisions"}],"predecessor-version":[{"id":2228,"href":"https:\/\/www.hansen-optic.ch\/de\/wp-json\/wp\/v2\/posts\/1932\/revisions\/2228"}],"wp:featuredmedia":[{"embeddable":true,"href":"https:\/\/www.hansen-optic.ch\/de\/wp-json\/wp\/v2\/media\/2205"}],"wp:attachment":[{"href":"https:\/\/www.hansen-optic.ch\/de\/wp-json\/wp\/v2\/media?parent=1932"}],"wp:term":[{"taxonomy":"category","embeddable":true,"href":"https:\/\/www.hansen-optic.ch\/de\/wp-json\/wp\/v2\/categories?post=1932"},{"taxonomy":"post_tag","embeddable":true,"href":"https:\/\/www.hansen-optic.ch\/de\/wp-json\/wp\/v2\/tags?post=1932"}],"curies":[{"name":"wp","href":"https:\/\/api.w.org\/{rel}","templated":true}]}}