{"id":1955,"date":"2021-11-04T10:01:00","date_gmt":"2021-11-04T10:01:00","guid":{"rendered":"https:\/\/www.hansen-optic.ch\/?p=1955"},"modified":"2024-12-10T16:35:07","modified_gmt":"2024-12-10T16:35:07","slug":"offre-duo-2","status":"publish","type":"post","link":"https:\/\/www.hansen-optic.ch\/de\/uncategorized\/offre-duo-2\/","title":{"rendered":"OFFRE DUO"},"content":{"rendered":"<div data-elementor-type=\"wp-post\" data-elementor-id=\"1955\" class=\"elementor elementor-1955\" data-elementor-post-type=\"post\">\n\t\t\t\t\t\t<section class=\"elementor-section elementor-top-section elementor-element elementor-element-75e358f elementor-section-boxed elementor-section-height-default elementor-section-height-default\" data-id=\"75e358f\" data-element_type=\"section\">\n\t\t\t\t\t\t<div class=\"elementor-container elementor-column-gap-default\">\n\t\t\t\t\t<div class=\"elementor-column elementor-col-50 elementor-top-column elementor-element elementor-element-ad2512f\" data-id=\"ad2512f\" data-element_type=\"column\">\n\t\t\t<div class=\"elementor-widget-wrap elementor-element-populated\">\n\t\t\t\t\t\t<div class=\"elementor-element elementor-element-b9cfe65 elementor-widget elementor-widget-text-editor\" data-id=\"b9cfe65\" data-element_type=\"widget\" data-widget_type=\"text-editor.default\">\n\t\t\t\t<div class=\"elementor-widget-container\">\n\t\t\t\t\t\t\t\t\t<p style=\"text-align: center;\">A l\u2019achat d\u2019une paire de lunettes compl\u00e8te, vous recevrez en cadeau une 2\u00e8me paire de verres correcteurs de qualit\u00e9 OPTISWISS<\/p><p>Des verres teint\u00e9s pour une protection UV solaire optimale, fini l&rsquo;\u00e9blouissement\u00a0 !<\/p>\t\t\t\t\t\t\t\t<\/div>\n\t\t\t\t<\/div>\n\t\t\t\t\t<\/div>\n\t\t<\/div>\n\t\t\t\t<div class=\"elementor-column elementor-col-50 elementor-top-column elementor-element elementor-element-b411ea0\" data-id=\"b411ea0\" data-element_type=\"column\">\n\t\t\t<div class=\"elementor-widget-wrap elementor-element-populated\">\n\t\t\t\t\t\t<div class=\"elementor-element elementor-element-88467b4 elementor-widget elementor-widget-image\" data-id=\"88467b4\" data-element_type=\"widget\" data-widget_type=\"image.default\">\n\t\t\t\t<div class=\"elementor-widget-container\">\n\t\t\t\t\t\t\t\t\t\t\t\t\t\t\t<img fetchpriority=\"high\" decoding=\"async\" width=\"800\" height=\"511\" src=\"https:\/\/www.hansen-optic.ch\/wp-content\/uploads\/uploads\/2022\/03\/Capture-de\u0301cran-2022-03-21-a\u0300-14.37.22.png\" class=\"attachment-large size-large wp-image-2698\" alt=\"\" srcset=\"https:\/\/www.hansen-optic.ch\/wp-content\/uploads\/2022\/03\/Capture-de\u0301cran-2022-03-21-a\u0300-14.37.22.png 803w, https:\/\/www.hansen-optic.ch\/wp-content\/uploads\/2022\/03\/Capture-de\u0301cran-2022-03-21-a\u0300-14.37.22-300x192.png 300w, https:\/\/www.hansen-optic.ch\/wp-content\/uploads\/2022\/03\/Capture-de\u0301cran-2022-03-21-a\u0300-14.37.22-768x491.png 768w, https:\/\/www.hansen-optic.ch\/wp-content\/uploads\/2022\/03\/Capture-de\u0301cran-2022-03-21-a\u0300-14.37.22-18x12.png 18w\" sizes=\"(max-width: 800px) 100vw, 800px\" \/>\t\t\t\t\t\t\t\t\t\t\t\t\t\t\t<\/div>\n\t\t\t\t<\/div>\n\t\t\t\t\t<\/div>\n\t\t<\/div>\n\t\t\t\t\t<\/div>\n\t\t<\/section>\n\t\t\t\t<\/div>","protected":false},"excerpt":{"rendered":"<p>A l\u2019achat d\u2019une paire de lunettes compl\u00e8te, vous recevrez en cadeau une 2\u00e8me paire de verres correcteurs de qualit\u00e9 OPTISWISS Des verres teint\u00e9s pour une protection UV solaire optimale, fini l&rsquo;\u00e9blouissement&nbsp; !<\/p>","protected":false},"author":1,"featured_media":2696,"comment_status":"closed","ping_status":"open","sticky":false,"template":"","format":"standard","meta":{"footnotes":""},"categories":[1],"tags":[],"class_list":["post-1955","post","type-post","status-publish","format-standard","has-post-thumbnail","hentry","category-uncategorized"],"yoast_head":"<!-- This site is optimized with the Yoast SEO plugin v25.8 - https:\/\/yoast.com\/wordpress\/plugins\/seo\/ -->\r\n<title>OFFRE DUO &#8226; Hansen-Optique SA<\/title>\r\n<meta name=\"robots\" content=\"index, follow, max-snippet:-1, max-image-preview:large, max-video-preview:-1\" \/>\r\n<link rel=\"canonical\" href=\"https:\/\/www.hansen-optic.ch\/de\/uncategorized\/offre-duo-2\/\" \/>\r\n<meta property=\"og:locale\" content=\"de_DE\" \/>\r\n<meta property=\"og:type\" content=\"article\" \/>\r\n<meta property=\"og:title\" content=\"OFFRE DUO &#8226; Hansen-Optique SA\" \/>\r\n<meta property=\"og:description\" content=\"A l\u2019achat d\u2019une paire de lunettes compl\u00e8te, vous recevrez en cadeau une 2\u00e8me paire de verres correcteurs de qualit\u00e9 OPTISWISS Des verres teint\u00e9s pour une protection UV solaire optimale, fini l&rsquo;\u00e9blouissement&nbsp; !\" \/>\r\n<meta property=\"og:url\" content=\"https:\/\/www.hansen-optic.ch\/de\/uncategorized\/offre-duo-2\/\" \/>\r\n<meta property=\"og:site_name\" content=\"Hansen-Optique SA\" \/>\r\n<meta property=\"article:publisher\" content=\"https:\/\/www.facebook.com\/HansenOptiqueSierre\/\" \/>\r\n<meta property=\"article:published_time\" content=\"2021-11-04T10:01:00+00:00\" \/>\r\n<meta property=\"article:modified_time\" content=\"2024-12-10T16:35:07+00:00\" \/>\r\n<meta property=\"og:image\" content=\"https:\/\/www.hansen-optic.ch\/wp-content\/uploads\/uploads\/2021\/11\/Capture-de\u0301cran-2022-03-21-a\u0300-14.37.22.png\" \/>\r\n\t<meta property=\"og:image:width\" content=\"803\" \/>\r\n\t<meta property=\"og:image:height\" content=\"513\" \/>\r\n\t<meta property=\"og:image:type\" content=\"image\/png\" \/>\r\n<meta name=\"author\" content=\"admin\" \/>\r\n<meta name=\"twitter:card\" content=\"summary_large_image\" \/>\r\n<meta name=\"twitter:label1\" content=\"Verfasst von\" \/>\n\t<meta name=\"twitter:data1\" content=\"admin\" \/>\n\t<meta name=\"twitter:label2\" content=\"Gesch\u00e4tzte Lesezeit\" \/>\n\t<meta name=\"twitter:data2\" content=\"1\u00a0Minute\" \/>\r\n<script type=\"application\/ld+json\" class=\"yoast-schema-graph\">{\"@context\":\"https:\/\/schema.org\",\"@graph\":[{\"@type\":\"Article\",\"@id\":\"https:\/\/www.hansen-optic.ch\/uncategorized\/offre-duo-2\/#article\",\"isPartOf\":{\"@id\":\"https:\/\/www.hansen-optic.ch\/uncategorized\/offre-duo-2\/\"},\"author\":{\"name\":\"admin\",\"@id\":\"https:\/\/www.hansen-optic.ch\/#\/schema\/person\/fd6708d4c6466fbdccbb93bd14b69522\"},\"headline\":\"OFFRE DUO\",\"datePublished\":\"2021-11-04T10:01:00+00:00\",\"dateModified\":\"2024-12-10T16:35:07+00:00\",\"mainEntityOfPage\":{\"@id\":\"https:\/\/www.hansen-optic.ch\/uncategorized\/offre-duo-2\/\"},\"wordCount\":39,\"publisher\":{\"@id\":\"https:\/\/www.hansen-optic.ch\/#organization\"},\"image\":{\"@id\":\"https:\/\/www.hansen-optic.ch\/uncategorized\/offre-duo-2\/#primaryimage\"},\"thumbnailUrl\":\"https:\/\/www.hansen-optic.ch\/wp-content\/uploads\/uploads\/2021\/11\/Capture-de\u0301cran-2022-03-21-a\u0300-14.37.22.png\",\"articleSection\":[\"Uncategorized\"],\"inLanguage\":\"de\"},{\"@type\":\"WebPage\",\"@id\":\"https:\/\/www.hansen-optic.ch\/uncategorized\/offre-duo-2\/\",\"url\":\"https:\/\/www.hansen-optic.ch\/uncategorized\/offre-duo-2\/\",\"name\":\"OFFRE DUO &#8226; Hansen-Optique SA\",\"isPartOf\":{\"@id\":\"https:\/\/www.hansen-optic.ch\/#website\"},\"primaryImageOfPage\":{\"@id\":\"https:\/\/www.hansen-optic.ch\/uncategorized\/offre-duo-2\/#primaryimage\"},\"image\":{\"@id\":\"https:\/\/www.hansen-optic.ch\/uncategorized\/offre-duo-2\/#primaryimage\"},\"thumbnailUrl\":\"https:\/\/www.hansen-optic.ch\/wp-content\/uploads\/uploads\/2021\/11\/Capture-de\u0301cran-2022-03-21-a\u0300-14.37.22.png\",\"datePublished\":\"2021-11-04T10:01:00+00:00\",\"dateModified\":\"2024-12-10T16:35:07+00:00\",\"breadcrumb\":{\"@id\":\"https:\/\/www.hansen-optic.ch\/uncategorized\/offre-duo-2\/#breadcrumb\"},\"inLanguage\":\"de\",\"potentialAction\":[{\"@type\":\"ReadAction\",\"target\":[\"https:\/\/www.hansen-optic.ch\/uncategorized\/offre-duo-2\/\"]}]},{\"@type\":\"ImageObject\",\"inLanguage\":\"de\",\"@id\":\"https:\/\/www.hansen-optic.ch\/uncategorized\/offre-duo-2\/#primaryimage\",\"url\":\"https:\/\/www.hansen-optic.ch\/wp-content\/uploads\/uploads\/2021\/11\/Capture-de\u0301cran-2022-03-21-a\u0300-14.37.22.png\",\"contentUrl\":\"https:\/\/www.hansen-optic.ch\/wp-content\/uploads\/uploads\/2021\/11\/Capture-de\u0301cran-2022-03-21-a\u0300-14.37.22.png\",\"width\":803,\"height\":513},{\"@type\":\"BreadcrumbList\",\"@id\":\"https:\/\/www.hansen-optic.ch\/uncategorized\/offre-duo-2\/#breadcrumb\",\"itemListElement\":[{\"@type\":\"ListItem\",\"position\":1,\"name\":\"Home\",\"item\":\"https:\/\/www.hansen-optic.ch\/\"},{\"@type\":\"ListItem\",\"position\":2,\"name\":\"OFFRE DUO\"}]},{\"@type\":\"WebSite\",\"@id\":\"https:\/\/www.hansen-optic.ch\/#website\",\"url\":\"https:\/\/www.hansen-optic.ch\/\",\"name\":\"Hansen-Optique SA\",\"description\":\"Qualit\u00e9 | Pr\u00e9cision | Proximit\u00e9 - Voyez mieux, vivez mieux!\",\"publisher\":{\"@id\":\"https:\/\/www.hansen-optic.ch\/#organization\"},\"potentialAction\":[{\"@type\":\"SearchAction\",\"target\":{\"@type\":\"EntryPoint\",\"urlTemplate\":\"https:\/\/www.hansen-optic.ch\/?s={search_term_string}\"},\"query-input\":{\"@type\":\"PropertyValueSpecification\",\"valueRequired\":true,\"valueName\":\"search_term_string\"}}],\"inLanguage\":\"de\"},{\"@type\":\"Organization\",\"@id\":\"https:\/\/www.hansen-optic.ch\/#organization\",\"name\":\"Hansen Optique SA\",\"url\":\"https:\/\/www.hansen-optic.ch\/\",\"logo\":{\"@type\":\"ImageObject\",\"inLanguage\":\"de\",\"@id\":\"https:\/\/www.hansen-optic.ch\/#\/schema\/logo\/image\/\",\"url\":\"https:\/\/www.hansen-optic.ch\/wp-content\/uploads\/2025\/06\/Hansen_optique-lunetterie-sierre.png\",\"contentUrl\":\"https:\/\/www.hansen-optic.ch\/wp-content\/uploads\/2025\/06\/Hansen_optique-lunetterie-sierre.png\",\"width\":1082,\"height\":258,\"caption\":\"Hansen Optique SA\"},\"image\":{\"@id\":\"https:\/\/www.hansen-optic.ch\/#\/schema\/logo\/image\/\"},\"sameAs\":[\"https:\/\/www.facebook.com\/HansenOptiqueSierre\/\",\"https:\/\/www.instagram.com\/hansen_optique_sa\/\"]},{\"@type\":\"Person\",\"@id\":\"https:\/\/www.hansen-optic.ch\/#\/schema\/person\/fd6708d4c6466fbdccbb93bd14b69522\",\"name\":\"admin\",\"image\":{\"@type\":\"ImageObject\",\"inLanguage\":\"de\",\"@id\":\"https:\/\/www.hansen-optic.ch\/#\/schema\/person\/image\/\",\"url\":\"https:\/\/secure.gravatar.com\/avatar\/954f05d308ef9edab2a00891c03ea7134632d97137acfa846d45f5d3c8aa02f0?s=96&d=mm&r=g\",\"contentUrl\":\"https:\/\/secure.gravatar.com\/avatar\/954f05d308ef9edab2a00891c03ea7134632d97137acfa846d45f5d3c8aa02f0?s=96&d=mm&r=g\",\"caption\":\"admin\"}}]}<\/script>\r\n<!-- \/ Yoast SEO plugin. -->","yoast_head_json":{"title":"OFFRE DUO &#8226; Hansen-Optique SA","robots":{"index":"index","follow":"follow","max-snippet":"max-snippet:-1","max-image-preview":"max-image-preview:large","max-video-preview":"max-video-preview:-1"},"canonical":"https:\/\/www.hansen-optic.ch\/de\/uncategorized\/offre-duo-2\/","og_locale":"de_DE","og_type":"article","og_title":"OFFRE DUO &#8226; Hansen-Optique SA","og_description":"A l\u2019achat d\u2019une paire de lunettes compl\u00e8te, vous recevrez en cadeau une 2\u00e8me paire de verres correcteurs de qualit\u00e9 OPTISWISS Des verres teint\u00e9s pour une protection UV solaire optimale, fini l&rsquo;\u00e9blouissement&nbsp; !","og_url":"https:\/\/www.hansen-optic.ch\/de\/uncategorized\/offre-duo-2\/","og_site_name":"Hansen-Optique SA","article_publisher":"https:\/\/www.facebook.com\/HansenOptiqueSierre\/","article_published_time":"2021-11-04T10:01:00+00:00","article_modified_time":"2024-12-10T16:35:07+00:00","og_image":[{"width":803,"height":513,"url":"https:\/\/www.hansen-optic.ch\/wp-content\/uploads\/uploads\/2021\/11\/Capture-de\u0301cran-2022-03-21-a\u0300-14.37.22.png","type":"image\/png"}],"author":"admin","twitter_card":"summary_large_image","twitter_misc":{"Verfasst von":"admin","Gesch\u00e4tzte Lesezeit":"1\u00a0Minute"},"schema":{"@context":"https:\/\/schema.org","@graph":[{"@type":"Article","@id":"https:\/\/www.hansen-optic.ch\/uncategorized\/offre-duo-2\/#article","isPartOf":{"@id":"https:\/\/www.hansen-optic.ch\/uncategorized\/offre-duo-2\/"},"author":{"name":"admin","@id":"https:\/\/www.hansen-optic.ch\/#\/schema\/person\/fd6708d4c6466fbdccbb93bd14b69522"},"headline":"OFFRE DUO","datePublished":"2021-11-04T10:01:00+00:00","dateModified":"2024-12-10T16:35:07+00:00","mainEntityOfPage":{"@id":"https:\/\/www.hansen-optic.ch\/uncategorized\/offre-duo-2\/"},"wordCount":39,"publisher":{"@id":"https:\/\/www.hansen-optic.ch\/#organization"},"image":{"@id":"https:\/\/www.hansen-optic.ch\/uncategorized\/offre-duo-2\/#primaryimage"},"thumbnailUrl":"https:\/\/www.hansen-optic.ch\/wp-content\/uploads\/uploads\/2021\/11\/Capture-de\u0301cran-2022-03-21-a\u0300-14.37.22.png","articleSection":["Uncategorized"],"inLanguage":"de"},{"@type":"WebPage","@id":"https:\/\/www.hansen-optic.ch\/uncategorized\/offre-duo-2\/","url":"https:\/\/www.hansen-optic.ch\/uncategorized\/offre-duo-2\/","name":"OFFRE DUO &#8226; Hansen-Optique SA","isPartOf":{"@id":"https:\/\/www.hansen-optic.ch\/#website"},"primaryImageOfPage":{"@id":"https:\/\/www.hansen-optic.ch\/uncategorized\/offre-duo-2\/#primaryimage"},"image":{"@id":"https:\/\/www.hansen-optic.ch\/uncategorized\/offre-duo-2\/#primaryimage"},"thumbnailUrl":"https:\/\/www.hansen-optic.ch\/wp-content\/uploads\/uploads\/2021\/11\/Capture-de\u0301cran-2022-03-21-a\u0300-14.37.22.png","datePublished":"2021-11-04T10:01:00+00:00","dateModified":"2024-12-10T16:35:07+00:00","breadcrumb":{"@id":"https:\/\/www.hansen-optic.ch\/uncategorized\/offre-duo-2\/#breadcrumb"},"inLanguage":"de","potentialAction":[{"@type":"ReadAction","target":["https:\/\/www.hansen-optic.ch\/uncategorized\/offre-duo-2\/"]}]},{"@type":"ImageObject","inLanguage":"de","@id":"https:\/\/www.hansen-optic.ch\/uncategorized\/offre-duo-2\/#primaryimage","url":"https:\/\/www.hansen-optic.ch\/wp-content\/uploads\/uploads\/2021\/11\/Capture-de\u0301cran-2022-03-21-a\u0300-14.37.22.png","contentUrl":"https:\/\/www.hansen-optic.ch\/wp-content\/uploads\/uploads\/2021\/11\/Capture-de\u0301cran-2022-03-21-a\u0300-14.37.22.png","width":803,"height":513},{"@type":"BreadcrumbList","@id":"https:\/\/www.hansen-optic.ch\/uncategorized\/offre-duo-2\/#breadcrumb","itemListElement":[{"@type":"ListItem","position":1,"name":"Home","item":"https:\/\/www.hansen-optic.ch\/"},{"@type":"ListItem","position":2,"name":"OFFRE DUO"}]},{"@type":"WebSite","@id":"https:\/\/www.hansen-optic.ch\/#website","url":"https:\/\/www.hansen-optic.ch\/","name":"Hansen-Optique SA","description":"Qualit\u00e9 | Pr\u00e9cision | Proximit\u00e9 - Voyez mieux, vivez mieux!","publisher":{"@id":"https:\/\/www.hansen-optic.ch\/#organization"},"potentialAction":[{"@type":"SearchAction","target":{"@type":"EntryPoint","urlTemplate":"https:\/\/www.hansen-optic.ch\/?s={search_term_string}"},"query-input":{"@type":"PropertyValueSpecification","valueRequired":true,"valueName":"search_term_string"}}],"inLanguage":"de"},{"@type":"Organization","@id":"https:\/\/www.hansen-optic.ch\/#organization","name":"Hansen Optique SA","url":"https:\/\/www.hansen-optic.ch\/","logo":{"@type":"ImageObject","inLanguage":"de","@id":"https:\/\/www.hansen-optic.ch\/#\/schema\/logo\/image\/","url":"https:\/\/www.hansen-optic.ch\/wp-content\/uploads\/2025\/06\/Hansen_optique-lunetterie-sierre.png","contentUrl":"https:\/\/www.hansen-optic.ch\/wp-content\/uploads\/2025\/06\/Hansen_optique-lunetterie-sierre.png","width":1082,"height":258,"caption":"Hansen Optique SA"},"image":{"@id":"https:\/\/www.hansen-optic.ch\/#\/schema\/logo\/image\/"},"sameAs":["https:\/\/www.facebook.com\/HansenOptiqueSierre\/","https:\/\/www.instagram.com\/hansen_optique_sa\/"]},{"@type":"Person","@id":"https:\/\/www.hansen-optic.ch\/#\/schema\/person\/fd6708d4c6466fbdccbb93bd14b69522","name":"admin","image":{"@type":"ImageObject","inLanguage":"de","@id":"https:\/\/www.hansen-optic.ch\/#\/schema\/person\/image\/","url":"https:\/\/secure.gravatar.com\/avatar\/954f05d308ef9edab2a00891c03ea7134632d97137acfa846d45f5d3c8aa02f0?s=96&d=mm&r=g","contentUrl":"https:\/\/secure.gravatar.com\/avatar\/954f05d308ef9edab2a00891c03ea7134632d97137acfa846d45f5d3c8aa02f0?s=96&d=mm&r=g","caption":"admin"}}]}},"_links":{"self":[{"href":"https:\/\/www.hansen-optic.ch\/de\/wp-json\/wp\/v2\/posts\/1955","targetHints":{"allow":["GET"]}}],"collection":[{"href":"https:\/\/www.hansen-optic.ch\/de\/wp-json\/wp\/v2\/posts"}],"about":[{"href":"https:\/\/www.hansen-optic.ch\/de\/wp-json\/wp\/v2\/types\/post"}],"author":[{"embeddable":true,"href":"https:\/\/www.hansen-optic.ch\/de\/wp-json\/wp\/v2\/users\/1"}],"replies":[{"embeddable":true,"href":"https:\/\/www.hansen-optic.ch\/de\/wp-json\/wp\/v2\/comments?post=1955"}],"version-history":[{"count":5,"href":"https:\/\/www.hansen-optic.ch\/de\/wp-json\/wp\/v2\/posts\/1955\/revisions"}],"predecessor-version":[{"id":2704,"href":"https:\/\/www.hansen-optic.ch\/de\/wp-json\/wp\/v2\/posts\/1955\/revisions\/2704"}],"wp:featuredmedia":[{"embeddable":true,"href":"https:\/\/www.hansen-optic.ch\/de\/wp-json\/wp\/v2\/media\/2696"}],"wp:attachment":[{"href":"https:\/\/www.hansen-optic.ch\/de\/wp-json\/wp\/v2\/media?parent=1955"}],"wp:term":[{"taxonomy":"category","embeddable":true,"href":"https:\/\/www.hansen-optic.ch\/de\/wp-json\/wp\/v2\/categories?post=1955"},{"taxonomy":"post_tag","embeddable":true,"href":"https:\/\/www.hansen-optic.ch\/de\/wp-json\/wp\/v2\/tags?post=1955"}],"curies":[{"name":"wp","href":"https:\/\/api.w.org\/{rel}","templated":true}]}}