{"id":2212,"date":"2022-04-21T15:08:59","date_gmt":"2022-04-21T15:08:59","guid":{"rendered":"https:\/\/www.hansen-optic.ch\/?p=2212"},"modified":"2022-09-20T22:18:54","modified_gmt":"2022-09-20T22:18:54","slug":"coup-de-coeur-naoned","status":"publish","type":"post","link":"https:\/\/www.hansen-optic.ch\/de\/evenements\/coup-de-coeur-naoned\/","title":{"rendered":"Coup de coeur : Naoned"},"content":{"rendered":"<p><img loading=\"lazy\" decoding=\"async\" src=\"https:\/\/www.hansen-optic.ch\/wp-content\/uploads\/2021\/11\/naoned15-1024x754.jpg\" alt=\"\" srcset=\"https:\/\/www.hansen-optic.ch\/wp-content\/uploads\/2021\/11\/naoned15-1024x754.jpg 1024w, https:\/\/www.hansen-optic.ch\/wp-content\/uploads\/2021\/11\/naoned15-300x221.jpg 300w, https:\/\/www.hansen-optic.ch\/wp-content\/uploads\/2021\/11\/naoned15-768x566.jpg 768w, https:\/\/www.hansen-optic.ch\/wp-content\/uploads\/2021\/11\/naoned15-16x12.jpg 16w, https:\/\/www.hansen-optic.ch\/wp-content\/uploads\/2021\/11\/naoned15.jpg 1124w\" sizes=\"auto, (max-width: 800px) 100vw, 800px\" width=\"800\" height=\"589\"><\/p>\n<h3>La notion d\u2019identit\u00e9, en <strong>Bretagne<\/strong>, on conna\u00eet. En donnant naissance \u00e0 NAONED \u2013 Nantes, en breton \u2013, Jean-Philippe Douis entrapercevait d\u00e9j\u00e0 le chemin cr\u00e9atif qu\u2019il souhaitait emprunter. Lunetier designer passionn\u00e9, il a choisi de r\u00eaver ses montures avant de les dessiner et de les <strong>fabriquer \u00e0 la main<\/strong> sur le sol nantais, sa terre d\u2019inspiration. Et sa personnalit\u00e9, Jean-Philippe la glisse dans chacun de ses mod\u00e8les.<\/h3>\n<p><img loading=\"lazy\" decoding=\"async\" src=\"https:\/\/www.hansen-optic.ch\/wp-content\/uploads\/2022\/04\/Capture-de\u0301cran-2022-09-21-a\u0300-00.09.43.png\" alt=\"\" srcset=\"https:\/\/www.hansen-optic.ch\/wp-content\/uploads\/2022\/04\/Capture-de\u0301cran-2022-09-21-a\u0300-00.09.43.png 769w, https:\/\/www.hansen-optic.ch\/wp-content\/uploads\/2022\/04\/Capture-de\u0301cran-2022-09-21-a\u0300-00.09.43-300x245.png 300w, https:\/\/www.hansen-optic.ch\/wp-content\/uploads\/2022\/04\/Capture-de\u0301cran-2022-09-21-a\u0300-00.09.43-15x12.png 15w\" sizes=\"auto, (max-width: 769px) 100vw, 769px\" width=\"769\" height=\"627\"><\/p>\n<h3>Singuli\u00e8res dans l\u2019\u00e2me sans \u00eatre excentriques, les montures de la marque sont con\u00e7ues pour r\u00e9v\u00e9ler celles et ceux qui les portent. Ici, on n\u2019est pas esclave de la mode&nbsp;: on \u00e9coute ses envies et on affiche son style. NAONED a le souci du d\u00e9tail et le go\u00fbt du travail bien fait.<\/h3>\n<p><img loading=\"lazy\" decoding=\"async\" src=\"https:\/\/www.hansen-optic.ch\/wp-content\/uploads\/2022\/04\/Capture-de\u0301cran-2022-09-21-a\u0300-00.10.19.png\" alt=\"\" srcset=\"https:\/\/www.hansen-optic.ch\/wp-content\/uploads\/2022\/04\/Capture-de\u0301cran-2022-09-21-a\u0300-00.10.19.png 634w, https:\/\/www.hansen-optic.ch\/wp-content\/uploads\/2022\/04\/Capture-de\u0301cran-2022-09-21-a\u0300-00.10.19-300x295.png 300w, https:\/\/www.hansen-optic.ch\/wp-content\/uploads\/2022\/04\/Capture-de\u0301cran-2022-09-21-a\u0300-00.10.19-12x12.png 12w\" sizes=\"auto, (max-width: 634px) 100vw, 634px\" width=\"634\" height=\"623\"><\/p>\n<h3 data-fontsize=\"14\" data-lineheight=\"18.2px\">Exit le vulgaire plastique ! Nous utilisons l\u2019ac\u00e9tate de cellulose, un mat\u00e9riau issu de la cellulose de bois ou de coton, qui conjugue une belle r\u00e9sistance \u00e0 un r\u00e9sultat esth\u00e9tique incomparable. Facile \u00e0 d\u00e9couper et \u00e0 teinter, cet ac\u00e9tate r\u00e9siste \u00e0 la vie, aux bains de mer, aux fous-rires et aux d\u00e9jeuners en terrasse. \u00c9colo compatible, il est \u00e9galement hypoallerg\u00e9nique. Notre fournisseur est bas\u00e9 en Italie, le berceau des plus belles maisons.<\/h3>\n<p><img loading=\"lazy\" decoding=\"async\" src=\"https:\/\/www.hansen-optic.ch\/wp-content\/uploads\/2021\/11\/naoned9-768x1024.jpg\" alt=\"\" srcset=\"https:\/\/www.hansen-optic.ch\/wp-content\/uploads\/2021\/11\/naoned9-768x1024.jpg 768w, https:\/\/www.hansen-optic.ch\/wp-content\/uploads\/2021\/11\/naoned9-225x300.jpg 225w, https:\/\/www.hansen-optic.ch\/wp-content\/uploads\/2021\/11\/naoned9-1152x1536.jpg 1152w, https:\/\/www.hansen-optic.ch\/wp-content\/uploads\/2021\/11\/naoned9-scaled.jpg 1536w, https:\/\/www.hansen-optic.ch\/wp-content\/uploads\/2021\/11\/naoned9-9x12.jpg 9w\" sizes=\"auto, (max-width: 768px) 100vw, 768px\" width=\"768\" height=\"1024\"><\/p>","protected":false},"excerpt":{"rendered":"<p>La notion d\u2019identit\u00e9, en Bretagne, on conna\u00eet. En donnant naissance \u00e0 NAONED \u2013 Nantes, en breton \u2013, Jean-Philippe Douis entrapercevait d\u00e9j\u00e0 le chemin cr\u00e9atif qu\u2019il souhaitait emprunter. Lunetier designer passionn\u00e9, il a choisi de r\u00eaver ses montures avant de les dessiner et de les fabriquer \u00e0 la main sur le sol nantais, sa terre d\u2019inspiration. [&hellip;]<\/p>","protected":false},"author":1,"featured_media":2330,"comment_status":"closed","ping_status":"open","sticky":false,"template":"","format":"standard","meta":{"footnotes":""},"categories":[6,4],"tags":[],"class_list":["post-2212","post","type-post","status-publish","format-standard","has-post-thumbnail","hentry","category-actualites","category-evenements"],"yoast_head":"<!-- This site is optimized with the Yoast SEO plugin v25.8 - https:\/\/yoast.com\/wordpress\/plugins\/seo\/ -->\r\n<title>Coup de coeur : Naoned &#8226; Hansen-Optique SA<\/title>\r\n<meta name=\"robots\" content=\"index, follow, max-snippet:-1, max-image-preview:large, max-video-preview:-1\" \/>\r\n<link rel=\"canonical\" href=\"https:\/\/www.hansen-optic.ch\/de\/evenements\/coup-de-coeur-naoned\/\" \/>\r\n<meta property=\"og:locale\" content=\"de_DE\" \/>\r\n<meta property=\"og:type\" content=\"article\" \/>\r\n<meta property=\"og:title\" content=\"Coup de coeur : Naoned &#8226; Hansen-Optique SA\" \/>\r\n<meta property=\"og:description\" content=\"La notion d\u2019identit\u00e9, en Bretagne, on conna\u00eet. En donnant naissance \u00e0 NAONED \u2013 Nantes, en breton \u2013, Jean-Philippe Douis entrapercevait d\u00e9j\u00e0 le chemin cr\u00e9atif qu\u2019il souhaitait emprunter. Lunetier designer passionn\u00e9, il a choisi de r\u00eaver ses montures avant de les dessiner et de les fabriquer \u00e0 la main sur le sol nantais, sa terre d\u2019inspiration. [&hellip;]\" \/>\r\n<meta property=\"og:url\" content=\"https:\/\/www.hansen-optic.ch\/de\/evenements\/coup-de-coeur-naoned\/\" \/>\r\n<meta property=\"og:site_name\" content=\"Hansen-Optique SA\" \/>\r\n<meta property=\"article:publisher\" content=\"https:\/\/www.facebook.com\/HansenOptiqueSierre\/\" \/>\r\n<meta property=\"article:published_time\" content=\"2022-04-21T15:08:59+00:00\" \/>\r\n<meta property=\"article:modified_time\" content=\"2022-09-20T22:18:54+00:00\" \/>\r\n<meta property=\"og:image\" content=\"https:\/\/www.hansen-optic.ch\/wp-content\/uploads\/2021\/11\/naoned16.jpg\" \/>\r\n\t<meta property=\"og:image:width\" content=\"1125\" \/>\r\n\t<meta property=\"og:image:height\" content=\"1102\" \/>\r\n\t<meta property=\"og:image:type\" content=\"image\/jpeg\" \/>\r\n<meta name=\"author\" content=\"admin\" \/>\r\n<meta name=\"twitter:card\" content=\"summary_large_image\" \/>\r\n<meta name=\"twitter:label1\" content=\"Verfasst von\" \/>\n\t<meta name=\"twitter:data1\" content=\"admin\" \/>\n\t<meta name=\"twitter:label2\" content=\"Gesch\u00e4tzte Lesezeit\" \/>\n\t<meta name=\"twitter:data2\" content=\"2\u00a0Minuten\" \/>\r\n<script type=\"application\/ld+json\" class=\"yoast-schema-graph\">{\"@context\":\"https:\/\/schema.org\",\"@graph\":[{\"@type\":\"Article\",\"@id\":\"https:\/\/www.hansen-optic.ch\/evenements\/coup-de-coeur-naoned\/#article\",\"isPartOf\":{\"@id\":\"https:\/\/www.hansen-optic.ch\/evenements\/coup-de-coeur-naoned\/\"},\"author\":{\"name\":\"admin\",\"@id\":\"https:\/\/www.hansen-optic.ch\/#\/schema\/person\/fd6708d4c6466fbdccbb93bd14b69522\"},\"headline\":\"Coup de coeur : Naoned\",\"datePublished\":\"2022-04-21T15:08:59+00:00\",\"dateModified\":\"2022-09-20T22:18:54+00:00\",\"mainEntityOfPage\":{\"@id\":\"https:\/\/www.hansen-optic.ch\/evenements\/coup-de-coeur-naoned\/\"},\"wordCount\":212,\"publisher\":{\"@id\":\"https:\/\/www.hansen-optic.ch\/#organization\"},\"image\":{\"@id\":\"https:\/\/www.hansen-optic.ch\/evenements\/coup-de-coeur-naoned\/#primaryimage\"},\"thumbnailUrl\":\"https:\/\/www.hansen-optic.ch\/wp-content\/uploads\/2021\/11\/naoned16.jpg\",\"articleSection\":[\"Actualit\u00e9s\",\"Ev\u00e9nements\"],\"inLanguage\":\"de\"},{\"@type\":\"WebPage\",\"@id\":\"https:\/\/www.hansen-optic.ch\/evenements\/coup-de-coeur-naoned\/\",\"url\":\"https:\/\/www.hansen-optic.ch\/evenements\/coup-de-coeur-naoned\/\",\"name\":\"Coup de coeur : Naoned &#8226; Hansen-Optique SA\",\"isPartOf\":{\"@id\":\"https:\/\/www.hansen-optic.ch\/#website\"},\"primaryImageOfPage\":{\"@id\":\"https:\/\/www.hansen-optic.ch\/evenements\/coup-de-coeur-naoned\/#primaryimage\"},\"image\":{\"@id\":\"https:\/\/www.hansen-optic.ch\/evenements\/coup-de-coeur-naoned\/#primaryimage\"},\"thumbnailUrl\":\"https:\/\/www.hansen-optic.ch\/wp-content\/uploads\/2021\/11\/naoned16.jpg\",\"datePublished\":\"2022-04-21T15:08:59+00:00\",\"dateModified\":\"2022-09-20T22:18:54+00:00\",\"breadcrumb\":{\"@id\":\"https:\/\/www.hansen-optic.ch\/evenements\/coup-de-coeur-naoned\/#breadcrumb\"},\"inLanguage\":\"de\",\"potentialAction\":[{\"@type\":\"ReadAction\",\"target\":[\"https:\/\/www.hansen-optic.ch\/evenements\/coup-de-coeur-naoned\/\"]}]},{\"@type\":\"ImageObject\",\"inLanguage\":\"de\",\"@id\":\"https:\/\/www.hansen-optic.ch\/evenements\/coup-de-coeur-naoned\/#primaryimage\",\"url\":\"https:\/\/www.hansen-optic.ch\/wp-content\/uploads\/2021\/11\/naoned16.jpg\",\"contentUrl\":\"https:\/\/www.hansen-optic.ch\/wp-content\/uploads\/2021\/11\/naoned16.jpg\",\"width\":1125,\"height\":1102},{\"@type\":\"BreadcrumbList\",\"@id\":\"https:\/\/www.hansen-optic.ch\/evenements\/coup-de-coeur-naoned\/#breadcrumb\",\"itemListElement\":[{\"@type\":\"ListItem\",\"position\":1,\"name\":\"Home\",\"item\":\"https:\/\/www.hansen-optic.ch\/\"},{\"@type\":\"ListItem\",\"position\":2,\"name\":\"Coup de coeur : Naoned\"}]},{\"@type\":\"WebSite\",\"@id\":\"https:\/\/www.hansen-optic.ch\/#website\",\"url\":\"https:\/\/www.hansen-optic.ch\/\",\"name\":\"Hansen-Optique SA\",\"description\":\"Qualit\u00e9 | Pr\u00e9cision | Proximit\u00e9 - Voyez mieux, vivez mieux!\",\"publisher\":{\"@id\":\"https:\/\/www.hansen-optic.ch\/#organization\"},\"potentialAction\":[{\"@type\":\"SearchAction\",\"target\":{\"@type\":\"EntryPoint\",\"urlTemplate\":\"https:\/\/www.hansen-optic.ch\/?s={search_term_string}\"},\"query-input\":{\"@type\":\"PropertyValueSpecification\",\"valueRequired\":true,\"valueName\":\"search_term_string\"}}],\"inLanguage\":\"de\"},{\"@type\":\"Organization\",\"@id\":\"https:\/\/www.hansen-optic.ch\/#organization\",\"name\":\"Hansen Optique SA\",\"url\":\"https:\/\/www.hansen-optic.ch\/\",\"logo\":{\"@type\":\"ImageObject\",\"inLanguage\":\"de\",\"@id\":\"https:\/\/www.hansen-optic.ch\/#\/schema\/logo\/image\/\",\"url\":\"https:\/\/www.hansen-optic.ch\/wp-content\/uploads\/2025\/06\/Hansen_optique-lunetterie-sierre.png\",\"contentUrl\":\"https:\/\/www.hansen-optic.ch\/wp-content\/uploads\/2025\/06\/Hansen_optique-lunetterie-sierre.png\",\"width\":1082,\"height\":258,\"caption\":\"Hansen Optique SA\"},\"image\":{\"@id\":\"https:\/\/www.hansen-optic.ch\/#\/schema\/logo\/image\/\"},\"sameAs\":[\"https:\/\/www.facebook.com\/HansenOptiqueSierre\/\",\"https:\/\/www.instagram.com\/hansen_optique_sa\/\"]},{\"@type\":\"Person\",\"@id\":\"https:\/\/www.hansen-optic.ch\/#\/schema\/person\/fd6708d4c6466fbdccbb93bd14b69522\",\"name\":\"admin\",\"image\":{\"@type\":\"ImageObject\",\"inLanguage\":\"de\",\"@id\":\"https:\/\/www.hansen-optic.ch\/#\/schema\/person\/image\/\",\"url\":\"https:\/\/secure.gravatar.com\/avatar\/954f05d308ef9edab2a00891c03ea7134632d97137acfa846d45f5d3c8aa02f0?s=96&d=mm&r=g\",\"contentUrl\":\"https:\/\/secure.gravatar.com\/avatar\/954f05d308ef9edab2a00891c03ea7134632d97137acfa846d45f5d3c8aa02f0?s=96&d=mm&r=g\",\"caption\":\"admin\"}}]}<\/script>\r\n<!-- \/ Yoast SEO plugin. -->","yoast_head_json":{"title":"Coup de coeur : Naoned &#8226; Hansen-Optique SA","robots":{"index":"index","follow":"follow","max-snippet":"max-snippet:-1","max-image-preview":"max-image-preview:large","max-video-preview":"max-video-preview:-1"},"canonical":"https:\/\/www.hansen-optic.ch\/de\/evenements\/coup-de-coeur-naoned\/","og_locale":"de_DE","og_type":"article","og_title":"Coup de coeur : Naoned &#8226; Hansen-Optique SA","og_description":"La notion d\u2019identit\u00e9, en Bretagne, on conna\u00eet. En donnant naissance \u00e0 NAONED \u2013 Nantes, en breton \u2013, Jean-Philippe Douis entrapercevait d\u00e9j\u00e0 le chemin cr\u00e9atif qu\u2019il souhaitait emprunter. Lunetier designer passionn\u00e9, il a choisi de r\u00eaver ses montures avant de les dessiner et de les fabriquer \u00e0 la main sur le sol nantais, sa terre d\u2019inspiration. [&hellip;]","og_url":"https:\/\/www.hansen-optic.ch\/de\/evenements\/coup-de-coeur-naoned\/","og_site_name":"Hansen-Optique SA","article_publisher":"https:\/\/www.facebook.com\/HansenOptiqueSierre\/","article_published_time":"2022-04-21T15:08:59+00:00","article_modified_time":"2022-09-20T22:18:54+00:00","og_image":[{"width":1125,"height":1102,"url":"https:\/\/www.hansen-optic.ch\/wp-content\/uploads\/2021\/11\/naoned16.jpg","type":"image\/jpeg"}],"author":"admin","twitter_card":"summary_large_image","twitter_misc":{"Verfasst von":"admin","Gesch\u00e4tzte Lesezeit":"2\u00a0Minuten"},"schema":{"@context":"https:\/\/schema.org","@graph":[{"@type":"Article","@id":"https:\/\/www.hansen-optic.ch\/evenements\/coup-de-coeur-naoned\/#article","isPartOf":{"@id":"https:\/\/www.hansen-optic.ch\/evenements\/coup-de-coeur-naoned\/"},"author":{"name":"admin","@id":"https:\/\/www.hansen-optic.ch\/#\/schema\/person\/fd6708d4c6466fbdccbb93bd14b69522"},"headline":"Coup de coeur : Naoned","datePublished":"2022-04-21T15:08:59+00:00","dateModified":"2022-09-20T22:18:54+00:00","mainEntityOfPage":{"@id":"https:\/\/www.hansen-optic.ch\/evenements\/coup-de-coeur-naoned\/"},"wordCount":212,"publisher":{"@id":"https:\/\/www.hansen-optic.ch\/#organization"},"image":{"@id":"https:\/\/www.hansen-optic.ch\/evenements\/coup-de-coeur-naoned\/#primaryimage"},"thumbnailUrl":"https:\/\/www.hansen-optic.ch\/wp-content\/uploads\/2021\/11\/naoned16.jpg","articleSection":["Actualit\u00e9s","Ev\u00e9nements"],"inLanguage":"de"},{"@type":"WebPage","@id":"https:\/\/www.hansen-optic.ch\/evenements\/coup-de-coeur-naoned\/","url":"https:\/\/www.hansen-optic.ch\/evenements\/coup-de-coeur-naoned\/","name":"Coup de coeur : Naoned &#8226; Hansen-Optique SA","isPartOf":{"@id":"https:\/\/www.hansen-optic.ch\/#website"},"primaryImageOfPage":{"@id":"https:\/\/www.hansen-optic.ch\/evenements\/coup-de-coeur-naoned\/#primaryimage"},"image":{"@id":"https:\/\/www.hansen-optic.ch\/evenements\/coup-de-coeur-naoned\/#primaryimage"},"thumbnailUrl":"https:\/\/www.hansen-optic.ch\/wp-content\/uploads\/2021\/11\/naoned16.jpg","datePublished":"2022-04-21T15:08:59+00:00","dateModified":"2022-09-20T22:18:54+00:00","breadcrumb":{"@id":"https:\/\/www.hansen-optic.ch\/evenements\/coup-de-coeur-naoned\/#breadcrumb"},"inLanguage":"de","potentialAction":[{"@type":"ReadAction","target":["https:\/\/www.hansen-optic.ch\/evenements\/coup-de-coeur-naoned\/"]}]},{"@type":"ImageObject","inLanguage":"de","@id":"https:\/\/www.hansen-optic.ch\/evenements\/coup-de-coeur-naoned\/#primaryimage","url":"https:\/\/www.hansen-optic.ch\/wp-content\/uploads\/2021\/11\/naoned16.jpg","contentUrl":"https:\/\/www.hansen-optic.ch\/wp-content\/uploads\/2021\/11\/naoned16.jpg","width":1125,"height":1102},{"@type":"BreadcrumbList","@id":"https:\/\/www.hansen-optic.ch\/evenements\/coup-de-coeur-naoned\/#breadcrumb","itemListElement":[{"@type":"ListItem","position":1,"name":"Home","item":"https:\/\/www.hansen-optic.ch\/"},{"@type":"ListItem","position":2,"name":"Coup de coeur : Naoned"}]},{"@type":"WebSite","@id":"https:\/\/www.hansen-optic.ch\/#website","url":"https:\/\/www.hansen-optic.ch\/","name":"Hansen-Optique SA","description":"Qualit\u00e9 | Pr\u00e9cision | Proximit\u00e9 - Voyez mieux, vivez mieux!","publisher":{"@id":"https:\/\/www.hansen-optic.ch\/#organization"},"potentialAction":[{"@type":"SearchAction","target":{"@type":"EntryPoint","urlTemplate":"https:\/\/www.hansen-optic.ch\/?s={search_term_string}"},"query-input":{"@type":"PropertyValueSpecification","valueRequired":true,"valueName":"search_term_string"}}],"inLanguage":"de"},{"@type":"Organization","@id":"https:\/\/www.hansen-optic.ch\/#organization","name":"Hansen Optique SA","url":"https:\/\/www.hansen-optic.ch\/","logo":{"@type":"ImageObject","inLanguage":"de","@id":"https:\/\/www.hansen-optic.ch\/#\/schema\/logo\/image\/","url":"https:\/\/www.hansen-optic.ch\/wp-content\/uploads\/2025\/06\/Hansen_optique-lunetterie-sierre.png","contentUrl":"https:\/\/www.hansen-optic.ch\/wp-content\/uploads\/2025\/06\/Hansen_optique-lunetterie-sierre.png","width":1082,"height":258,"caption":"Hansen Optique SA"},"image":{"@id":"https:\/\/www.hansen-optic.ch\/#\/schema\/logo\/image\/"},"sameAs":["https:\/\/www.facebook.com\/HansenOptiqueSierre\/","https:\/\/www.instagram.com\/hansen_optique_sa\/"]},{"@type":"Person","@id":"https:\/\/www.hansen-optic.ch\/#\/schema\/person\/fd6708d4c6466fbdccbb93bd14b69522","name":"admin","image":{"@type":"ImageObject","inLanguage":"de","@id":"https:\/\/www.hansen-optic.ch\/#\/schema\/person\/image\/","url":"https:\/\/secure.gravatar.com\/avatar\/954f05d308ef9edab2a00891c03ea7134632d97137acfa846d45f5d3c8aa02f0?s=96&d=mm&r=g","contentUrl":"https:\/\/secure.gravatar.com\/avatar\/954f05d308ef9edab2a00891c03ea7134632d97137acfa846d45f5d3c8aa02f0?s=96&d=mm&r=g","caption":"admin"}}]}},"_links":{"self":[{"href":"https:\/\/www.hansen-optic.ch\/de\/wp-json\/wp\/v2\/posts\/2212","targetHints":{"allow":["GET"]}}],"collection":[{"href":"https:\/\/www.hansen-optic.ch\/de\/wp-json\/wp\/v2\/posts"}],"about":[{"href":"https:\/\/www.hansen-optic.ch\/de\/wp-json\/wp\/v2\/types\/post"}],"author":[{"embeddable":true,"href":"https:\/\/www.hansen-optic.ch\/de\/wp-json\/wp\/v2\/users\/1"}],"replies":[{"embeddable":true,"href":"https:\/\/www.hansen-optic.ch\/de\/wp-json\/wp\/v2\/comments?post=2212"}],"version-history":[{"count":5,"href":"https:\/\/www.hansen-optic.ch\/de\/wp-json\/wp\/v2\/posts\/2212\/revisions"}],"predecessor-version":[{"id":2720,"href":"https:\/\/www.hansen-optic.ch\/de\/wp-json\/wp\/v2\/posts\/2212\/revisions\/2720"}],"wp:featuredmedia":[{"embeddable":true,"href":"https:\/\/www.hansen-optic.ch\/de\/wp-json\/wp\/v2\/media\/2330"}],"wp:attachment":[{"href":"https:\/\/www.hansen-optic.ch\/de\/wp-json\/wp\/v2\/media?parent=2212"}],"wp:term":[{"taxonomy":"category","embeddable":true,"href":"https:\/\/www.hansen-optic.ch\/de\/wp-json\/wp\/v2\/categories?post=2212"},{"taxonomy":"post_tag","embeddable":true,"href":"https:\/\/www.hansen-optic.ch\/de\/wp-json\/wp\/v2\/tags?post=2212"}],"curies":[{"name":"wp","href":"https:\/\/api.w.org\/{rel}","templated":true}]}}