{"id":2648,"date":"2022-03-15T13:53:05","date_gmt":"2022-03-15T13:53:05","guid":{"rendered":"https:\/\/www.hansen-optic.ch\/?p=2648"},"modified":"2022-03-21T13:03:44","modified_gmt":"2022-03-21T13:03:44","slug":"ralentissement-de-la-myopie-chez-les-enfants","status":"publish","type":"post","link":"https:\/\/www.hansen-optic.ch\/de\/actualites\/ralentissement-de-la-myopie-chez-les-enfants\/","title":{"rendered":"Ralentissement de la myopie chez les enfants"},"content":{"rendered":"<div data-elementor-type=\"wp-post\" data-elementor-id=\"2648\" class=\"elementor elementor-2648\" data-elementor-post-type=\"post\">\n\t\t\t\t\t\t<section class=\"elementor-section elementor-top-section elementor-element elementor-element-2926760 elementor-section-boxed elementor-section-height-default elementor-section-height-default\" data-id=\"2926760\" data-element_type=\"section\">\n\t\t\t\t\t\t<div class=\"elementor-container elementor-column-gap-default\">\n\t\t\t\t\t<div class=\"elementor-column elementor-col-50 elementor-top-column elementor-element elementor-element-9c57113\" data-id=\"9c57113\" data-element_type=\"column\">\n\t\t\t<div class=\"elementor-widget-wrap elementor-element-populated\">\n\t\t\t\t\t\t<div class=\"elementor-element elementor-element-8efe0cc elementor-widget elementor-widget-text-editor\" data-id=\"8efe0cc\" data-element_type=\"widget\" data-widget_type=\"text-editor.default\">\n\t\t\t\t<div class=\"elementor-widget-container\">\n\t\t\t\t\t\t\t\t\t<h3 class=\"p1\">La progression myopique est plus rapide avant l\u2019\u00e2ge de 10 ans, en particulier chez les enfants \u00e0 forte myopie \u00e9volutive. Il est essentiel d\u2019intervenir d\u00e8s le plus jeune \u00e2ge pour les pr\u00e9server d\u2019une d\u00e9t\u00e9rioration de leur vision.\u00a0On parle de freination de la progression de la myopie pour limiter la perte d\u2019acuit\u00e9 visuelle en dioptrie (la puissance de la correction en lunettes ou lentilles) et ralentir l\u2019\u00e9longation de l\u2019\u0153il.<\/h3>\n<h3 class=\"p1\">Porter des verres correcteurs unifocaux classiques ne suffit pas, car ils ram\u00e8nent seulement les images de la vision centrale vers la r\u00e9tine, mais pas les images provenant de la vision p\u00e9riph\u00e9rique qui vont se former en arri\u00e8re de la r\u00e9tine. L\u2019\u0153il va accommoder, et pour limiter cet effet, il continue \u00e0 s\u2019allonger. La progression de la myopie peut \u00eatre contr\u00f4l\u00e9e en fournissant simultan\u00e9ment deux puissances correctrices\u00a0: une pour voir net, et une pour stopper l\u2019allongement de l\u2019\u0153il.<\/h3>\t\t\t\t\t\t\t\t<\/div>\n\t\t\t\t<\/div>\n\t\t\t\t\t<\/div>\n\t\t<\/div>\n\t\t\t\t<div class=\"elementor-column elementor-col-50 elementor-top-column elementor-element elementor-element-5940c0e\" data-id=\"5940c0e\" data-element_type=\"column\">\n\t\t\t<div class=\"elementor-widget-wrap elementor-element-populated\">\n\t\t\t\t\t\t<div class=\"elementor-element elementor-element-05c4a5c elementor-widget elementor-widget-image\" data-id=\"05c4a5c\" data-element_type=\"widget\" data-widget_type=\"image.default\">\n\t\t\t\t<div class=\"elementor-widget-container\">\n\t\t\t\t\t\t\t\t\t\t\t\t\t\t\t<img fetchpriority=\"high\" decoding=\"async\" width=\"800\" height=\"503\" src=\"https:\/\/www.hansen-optic.ch\/wp-content\/uploads\/uploads\/2022\/03\/Capture-de\u0301cran-2022-03-15-a\u0300-15.01.13-1024x644.png\" class=\"attachment-large size-large wp-image-2652\" alt=\"\" srcset=\"https:\/\/www.hansen-optic.ch\/wp-content\/uploads\/2022\/03\/Capture-de\u0301cran-2022-03-15-a\u0300-15.01.13-1024x644.png 1024w, https:\/\/www.hansen-optic.ch\/wp-content\/uploads\/2022\/03\/Capture-de\u0301cran-2022-03-15-a\u0300-15.01.13-300x189.png 300w, https:\/\/www.hansen-optic.ch\/wp-content\/uploads\/2022\/03\/Capture-de\u0301cran-2022-03-15-a\u0300-15.01.13-768x483.png 768w, https:\/\/www.hansen-optic.ch\/wp-content\/uploads\/2022\/03\/Capture-de\u0301cran-2022-03-15-a\u0300-15.01.13-18x12.png 18w, https:\/\/www.hansen-optic.ch\/wp-content\/uploads\/2022\/03\/Capture-de\u0301cran-2022-03-15-a\u0300-15.01.13.png 1049w\" sizes=\"(max-width: 800px) 100vw, 800px\" \/>\t\t\t\t\t\t\t\t\t\t\t\t\t\t\t<\/div>\n\t\t\t\t<\/div>\n\t\t\t\t\t<\/div>\n\t\t<\/div>\n\t\t\t\t\t<\/div>\n\t\t<\/section>\n\t\t\t\t<section class=\"elementor-section elementor-top-section elementor-element elementor-element-abde3f0 elementor-section-boxed elementor-section-height-default elementor-section-height-default\" data-id=\"abde3f0\" data-element_type=\"section\">\n\t\t\t\t\t\t<div class=\"elementor-container elementor-column-gap-default\">\n\t\t\t\t\t<div class=\"elementor-column elementor-col-50 elementor-top-column elementor-element elementor-element-825d8ba\" data-id=\"825d8ba\" data-element_type=\"column\">\n\t\t\t<div class=\"elementor-widget-wrap elementor-element-populated\">\n\t\t\t\t\t\t<div class=\"elementor-element elementor-element-423ff87 elementor-widget elementor-widget-image\" data-id=\"423ff87\" data-element_type=\"widget\" data-widget_type=\"image.default\">\n\t\t\t\t<div class=\"elementor-widget-container\">\n\t\t\t\t\t\t\t\t\t\t\t\t\t\t\t<img decoding=\"async\" width=\"763\" height=\"596\" src=\"https:\/\/www.hansen-optic.ch\/wp-content\/uploads\/uploads\/2022\/03\/Capture-de\u0301cran-2022-03-15-a\u0300-15.03.47.png\" class=\"attachment-large size-large wp-image-2653\" alt=\"\" srcset=\"https:\/\/www.hansen-optic.ch\/wp-content\/uploads\/2022\/03\/Capture-de\u0301cran-2022-03-15-a\u0300-15.03.47.png 763w, https:\/\/www.hansen-optic.ch\/wp-content\/uploads\/2022\/03\/Capture-de\u0301cran-2022-03-15-a\u0300-15.03.47-300x234.png 300w, https:\/\/www.hansen-optic.ch\/wp-content\/uploads\/2022\/03\/Capture-de\u0301cran-2022-03-15-a\u0300-15.03.47-15x12.png 15w\" sizes=\"(max-width: 763px) 100vw, 763px\" \/>\t\t\t\t\t\t\t\t\t\t\t\t\t\t\t<\/div>\n\t\t\t\t<\/div>\n\t\t\t\t\t<\/div>\n\t\t<\/div>\n\t\t\t\t<div class=\"elementor-column elementor-col-50 elementor-top-column elementor-element elementor-element-59a9cf9\" data-id=\"59a9cf9\" data-element_type=\"column\">\n\t\t\t<div class=\"elementor-widget-wrap elementor-element-populated\">\n\t\t\t\t\t\t<div class=\"elementor-element elementor-element-b2f7beb elementor-widget elementor-widget-text-editor\" data-id=\"b2f7beb\" data-element_type=\"widget\" data-widget_type=\"text-editor.default\">\n\t\t\t\t<div class=\"elementor-widget-container\">\n\t\t\t\t\t\t\t\t\t<h3>Nous avons des solutions \u00e0 vous proposer pour essayer de stabiliser la myopie de votre enfant que ce soit avec des <strong>verres de lunettes ou des lentilles de contact<\/strong>.<\/h3>\n<h3>Pour plus d&rsquo;informations, passez-vous renseigner au magasin!<\/h3>\t\t\t\t\t\t\t\t<\/div>\n\t\t\t\t<\/div>\n\t\t\t\t\t<\/div>\n\t\t<\/div>\n\t\t\t\t\t<\/div>\n\t\t<\/section>\n\t\t\t\t<\/div>","protected":false},"excerpt":{"rendered":"<p>La progression myopique est plus rapide avant l\u2019\u00e2ge de 10 ans, en particulier chez les enfants \u00e0 forte myopie \u00e9volutive. Il est essentiel d\u2019intervenir d\u00e8s le plus jeune \u00e2ge pour les pr\u00e9server d\u2019une d\u00e9t\u00e9rioration de leur vision.&nbsp;On parle de freination de la progression de la myopie pour limiter la perte d\u2019acuit\u00e9 visuelle en dioptrie (la [&hellip;]<\/p>","protected":false},"author":1,"featured_media":2649,"comment_status":"closed","ping_status":"open","sticky":false,"template":"","format":"standard","meta":{"footnotes":""},"categories":[6,4],"tags":[],"class_list":["post-2648","post","type-post","status-publish","format-standard","has-post-thumbnail","hentry","category-actualites","category-evenements"],"yoast_head":"<!-- This site is optimized with the Yoast SEO plugin v25.8 - https:\/\/yoast.com\/wordpress\/plugins\/seo\/ -->\r\n<title>Ralentissement de la myopie chez les enfants &#8226; Hansen-Optique SA<\/title>\r\n<meta name=\"robots\" content=\"index, follow, max-snippet:-1, max-image-preview:large, max-video-preview:-1\" \/>\r\n<link rel=\"canonical\" href=\"https:\/\/www.hansen-optic.ch\/de\/actualites\/ralentissement-de-la-myopie-chez-les-enfants\/\" \/>\r\n<meta property=\"og:locale\" content=\"de_DE\" \/>\r\n<meta property=\"og:type\" content=\"article\" \/>\r\n<meta property=\"og:title\" content=\"Ralentissement de la myopie chez les enfants &#8226; Hansen-Optique SA\" \/>\r\n<meta property=\"og:description\" content=\"La progression myopique est plus rapide avant l\u2019\u00e2ge de 10 ans, en particulier chez les enfants \u00e0 forte myopie \u00e9volutive. Il est essentiel d\u2019intervenir d\u00e8s le plus jeune \u00e2ge pour les pr\u00e9server d\u2019une d\u00e9t\u00e9rioration de leur vision.&nbsp;On parle de freination de la progression de la myopie pour limiter la perte d\u2019acuit\u00e9 visuelle en dioptrie (la [&hellip;]\" \/>\r\n<meta property=\"og:url\" content=\"https:\/\/www.hansen-optic.ch\/de\/actualites\/ralentissement-de-la-myopie-chez-les-enfants\/\" \/>\r\n<meta property=\"og:site_name\" content=\"Hansen-Optique SA\" \/>\r\n<meta property=\"article:publisher\" content=\"https:\/\/www.facebook.com\/HansenOptiqueSierre\/\" \/>\r\n<meta property=\"article:published_time\" content=\"2022-03-15T13:53:05+00:00\" \/>\r\n<meta property=\"article:modified_time\" content=\"2022-03-21T13:03:44+00:00\" \/>\r\n<meta property=\"og:image\" content=\"https:\/\/www.hansen-optic.ch\/wp-content\/uploads\/2022\/03\/Capture-de\u0301cran-2022-03-15-a\u0300-14.55.20.png\" \/>\r\n\t<meta property=\"og:image:width\" content=\"319\" \/>\r\n\t<meta property=\"og:image:height\" content=\"260\" \/>\r\n\t<meta property=\"og:image:type\" content=\"image\/png\" \/>\r\n<meta name=\"author\" content=\"admin\" \/>\r\n<meta name=\"twitter:card\" content=\"summary_large_image\" \/>\r\n<meta name=\"twitter:label1\" content=\"Verfasst von\" \/>\n\t<meta name=\"twitter:data1\" content=\"admin\" \/>\n\t<meta name=\"twitter:label2\" content=\"Gesch\u00e4tzte Lesezeit\" \/>\n\t<meta name=\"twitter:data2\" content=\"2\u00a0Minuten\" \/>\r\n<script type=\"application\/ld+json\" class=\"yoast-schema-graph\">{\"@context\":\"https:\/\/schema.org\",\"@graph\":[{\"@type\":\"Article\",\"@id\":\"https:\/\/www.hansen-optic.ch\/actualites\/ralentissement-de-la-myopie-chez-les-enfants\/#article\",\"isPartOf\":{\"@id\":\"https:\/\/www.hansen-optic.ch\/actualites\/ralentissement-de-la-myopie-chez-les-enfants\/\"},\"author\":{\"name\":\"admin\",\"@id\":\"https:\/\/www.hansen-optic.ch\/#\/schema\/person\/fd6708d4c6466fbdccbb93bd14b69522\"},\"headline\":\"Ralentissement de la myopie chez les enfants\",\"datePublished\":\"2022-03-15T13:53:05+00:00\",\"dateModified\":\"2022-03-21T13:03:44+00:00\",\"mainEntityOfPage\":{\"@id\":\"https:\/\/www.hansen-optic.ch\/actualites\/ralentissement-de-la-myopie-chez-les-enfants\/\"},\"wordCount\":211,\"publisher\":{\"@id\":\"https:\/\/www.hansen-optic.ch\/#organization\"},\"image\":{\"@id\":\"https:\/\/www.hansen-optic.ch\/actualites\/ralentissement-de-la-myopie-chez-les-enfants\/#primaryimage\"},\"thumbnailUrl\":\"https:\/\/www.hansen-optic.ch\/wp-content\/uploads\/uploads\/2022\/03\/Capture-de\u0301cran-2022-03-15-a\u0300-14.55.20.png\",\"articleSection\":[\"Actualit\u00e9s\",\"Ev\u00e9nements\"],\"inLanguage\":\"de\"},{\"@type\":\"WebPage\",\"@id\":\"https:\/\/www.hansen-optic.ch\/actualites\/ralentissement-de-la-myopie-chez-les-enfants\/\",\"url\":\"https:\/\/www.hansen-optic.ch\/actualites\/ralentissement-de-la-myopie-chez-les-enfants\/\",\"name\":\"Ralentissement de la myopie chez les enfants &#8226; Hansen-Optique SA\",\"isPartOf\":{\"@id\":\"https:\/\/www.hansen-optic.ch\/#website\"},\"primaryImageOfPage\":{\"@id\":\"https:\/\/www.hansen-optic.ch\/actualites\/ralentissement-de-la-myopie-chez-les-enfants\/#primaryimage\"},\"image\":{\"@id\":\"https:\/\/www.hansen-optic.ch\/actualites\/ralentissement-de-la-myopie-chez-les-enfants\/#primaryimage\"},\"thumbnailUrl\":\"https:\/\/www.hansen-optic.ch\/wp-content\/uploads\/uploads\/2022\/03\/Capture-de\u0301cran-2022-03-15-a\u0300-14.55.20.png\",\"datePublished\":\"2022-03-15T13:53:05+00:00\",\"dateModified\":\"2022-03-21T13:03:44+00:00\",\"breadcrumb\":{\"@id\":\"https:\/\/www.hansen-optic.ch\/actualites\/ralentissement-de-la-myopie-chez-les-enfants\/#breadcrumb\"},\"inLanguage\":\"de\",\"potentialAction\":[{\"@type\":\"ReadAction\",\"target\":[\"https:\/\/www.hansen-optic.ch\/actualites\/ralentissement-de-la-myopie-chez-les-enfants\/\"]}]},{\"@type\":\"ImageObject\",\"inLanguage\":\"de\",\"@id\":\"https:\/\/www.hansen-optic.ch\/actualites\/ralentissement-de-la-myopie-chez-les-enfants\/#primaryimage\",\"url\":\"https:\/\/www.hansen-optic.ch\/wp-content\/uploads\/uploads\/2022\/03\/Capture-de\u0301cran-2022-03-15-a\u0300-14.55.20.png\",\"contentUrl\":\"https:\/\/www.hansen-optic.ch\/wp-content\/uploads\/uploads\/2022\/03\/Capture-de\u0301cran-2022-03-15-a\u0300-14.55.20.png\",\"width\":319,\"height\":260},{\"@type\":\"BreadcrumbList\",\"@id\":\"https:\/\/www.hansen-optic.ch\/actualites\/ralentissement-de-la-myopie-chez-les-enfants\/#breadcrumb\",\"itemListElement\":[{\"@type\":\"ListItem\",\"position\":1,\"name\":\"Home\",\"item\":\"https:\/\/www.hansen-optic.ch\/\"},{\"@type\":\"ListItem\",\"position\":2,\"name\":\"Ralentissement de la myopie chez les enfants\"}]},{\"@type\":\"WebSite\",\"@id\":\"https:\/\/www.hansen-optic.ch\/#website\",\"url\":\"https:\/\/www.hansen-optic.ch\/\",\"name\":\"Hansen-Optique SA\",\"description\":\"Qualit\u00e9 | Pr\u00e9cision | Proximit\u00e9 - Voyez mieux, vivez mieux!\",\"publisher\":{\"@id\":\"https:\/\/www.hansen-optic.ch\/#organization\"},\"potentialAction\":[{\"@type\":\"SearchAction\",\"target\":{\"@type\":\"EntryPoint\",\"urlTemplate\":\"https:\/\/www.hansen-optic.ch\/?s={search_term_string}\"},\"query-input\":{\"@type\":\"PropertyValueSpecification\",\"valueRequired\":true,\"valueName\":\"search_term_string\"}}],\"inLanguage\":\"de\"},{\"@type\":\"Organization\",\"@id\":\"https:\/\/www.hansen-optic.ch\/#organization\",\"name\":\"Hansen Optique SA\",\"url\":\"https:\/\/www.hansen-optic.ch\/\",\"logo\":{\"@type\":\"ImageObject\",\"inLanguage\":\"de\",\"@id\":\"https:\/\/www.hansen-optic.ch\/#\/schema\/logo\/image\/\",\"url\":\"https:\/\/www.hansen-optic.ch\/wp-content\/uploads\/2025\/06\/Hansen_optique-lunetterie-sierre.png\",\"contentUrl\":\"https:\/\/www.hansen-optic.ch\/wp-content\/uploads\/2025\/06\/Hansen_optique-lunetterie-sierre.png\",\"width\":1082,\"height\":258,\"caption\":\"Hansen Optique SA\"},\"image\":{\"@id\":\"https:\/\/www.hansen-optic.ch\/#\/schema\/logo\/image\/\"},\"sameAs\":[\"https:\/\/www.facebook.com\/HansenOptiqueSierre\/\",\"https:\/\/www.instagram.com\/hansen_optique_sa\/\"]},{\"@type\":\"Person\",\"@id\":\"https:\/\/www.hansen-optic.ch\/#\/schema\/person\/fd6708d4c6466fbdccbb93bd14b69522\",\"name\":\"admin\",\"image\":{\"@type\":\"ImageObject\",\"inLanguage\":\"de\",\"@id\":\"https:\/\/www.hansen-optic.ch\/#\/schema\/person\/image\/\",\"url\":\"https:\/\/secure.gravatar.com\/avatar\/954f05d308ef9edab2a00891c03ea7134632d97137acfa846d45f5d3c8aa02f0?s=96&d=mm&r=g\",\"contentUrl\":\"https:\/\/secure.gravatar.com\/avatar\/954f05d308ef9edab2a00891c03ea7134632d97137acfa846d45f5d3c8aa02f0?s=96&d=mm&r=g\",\"caption\":\"admin\"}}]}<\/script>\r\n<!-- \/ Yoast SEO plugin. -->","yoast_head_json":{"title":"Ralentissement de la myopie chez les enfants &#8226; Hansen-Optique SA","robots":{"index":"index","follow":"follow","max-snippet":"max-snippet:-1","max-image-preview":"max-image-preview:large","max-video-preview":"max-video-preview:-1"},"canonical":"https:\/\/www.hansen-optic.ch\/de\/actualites\/ralentissement-de-la-myopie-chez-les-enfants\/","og_locale":"de_DE","og_type":"article","og_title":"Ralentissement de la myopie chez les enfants &#8226; Hansen-Optique SA","og_description":"La progression myopique est plus rapide avant l\u2019\u00e2ge de 10 ans, en particulier chez les enfants \u00e0 forte myopie \u00e9volutive. Il est essentiel d\u2019intervenir d\u00e8s le plus jeune \u00e2ge pour les pr\u00e9server d\u2019une d\u00e9t\u00e9rioration de leur vision.&nbsp;On parle de freination de la progression de la myopie pour limiter la perte d\u2019acuit\u00e9 visuelle en dioptrie (la [&hellip;]","og_url":"https:\/\/www.hansen-optic.ch\/de\/actualites\/ralentissement-de-la-myopie-chez-les-enfants\/","og_site_name":"Hansen-Optique SA","article_publisher":"https:\/\/www.facebook.com\/HansenOptiqueSierre\/","article_published_time":"2022-03-15T13:53:05+00:00","article_modified_time":"2022-03-21T13:03:44+00:00","og_image":[{"width":319,"height":260,"url":"https:\/\/www.hansen-optic.ch\/wp-content\/uploads\/2022\/03\/Capture-de\u0301cran-2022-03-15-a\u0300-14.55.20.png","type":"image\/png"}],"author":"admin","twitter_card":"summary_large_image","twitter_misc":{"Verfasst von":"admin","Gesch\u00e4tzte Lesezeit":"2\u00a0Minuten"},"schema":{"@context":"https:\/\/schema.org","@graph":[{"@type":"Article","@id":"https:\/\/www.hansen-optic.ch\/actualites\/ralentissement-de-la-myopie-chez-les-enfants\/#article","isPartOf":{"@id":"https:\/\/www.hansen-optic.ch\/actualites\/ralentissement-de-la-myopie-chez-les-enfants\/"},"author":{"name":"admin","@id":"https:\/\/www.hansen-optic.ch\/#\/schema\/person\/fd6708d4c6466fbdccbb93bd14b69522"},"headline":"Ralentissement de la myopie chez les enfants","datePublished":"2022-03-15T13:53:05+00:00","dateModified":"2022-03-21T13:03:44+00:00","mainEntityOfPage":{"@id":"https:\/\/www.hansen-optic.ch\/actualites\/ralentissement-de-la-myopie-chez-les-enfants\/"},"wordCount":211,"publisher":{"@id":"https:\/\/www.hansen-optic.ch\/#organization"},"image":{"@id":"https:\/\/www.hansen-optic.ch\/actualites\/ralentissement-de-la-myopie-chez-les-enfants\/#primaryimage"},"thumbnailUrl":"https:\/\/www.hansen-optic.ch\/wp-content\/uploads\/uploads\/2022\/03\/Capture-de\u0301cran-2022-03-15-a\u0300-14.55.20.png","articleSection":["Actualit\u00e9s","Ev\u00e9nements"],"inLanguage":"de"},{"@type":"WebPage","@id":"https:\/\/www.hansen-optic.ch\/actualites\/ralentissement-de-la-myopie-chez-les-enfants\/","url":"https:\/\/www.hansen-optic.ch\/actualites\/ralentissement-de-la-myopie-chez-les-enfants\/","name":"Ralentissement de la myopie chez les enfants &#8226; Hansen-Optique SA","isPartOf":{"@id":"https:\/\/www.hansen-optic.ch\/#website"},"primaryImageOfPage":{"@id":"https:\/\/www.hansen-optic.ch\/actualites\/ralentissement-de-la-myopie-chez-les-enfants\/#primaryimage"},"image":{"@id":"https:\/\/www.hansen-optic.ch\/actualites\/ralentissement-de-la-myopie-chez-les-enfants\/#primaryimage"},"thumbnailUrl":"https:\/\/www.hansen-optic.ch\/wp-content\/uploads\/uploads\/2022\/03\/Capture-de\u0301cran-2022-03-15-a\u0300-14.55.20.png","datePublished":"2022-03-15T13:53:05+00:00","dateModified":"2022-03-21T13:03:44+00:00","breadcrumb":{"@id":"https:\/\/www.hansen-optic.ch\/actualites\/ralentissement-de-la-myopie-chez-les-enfants\/#breadcrumb"},"inLanguage":"de","potentialAction":[{"@type":"ReadAction","target":["https:\/\/www.hansen-optic.ch\/actualites\/ralentissement-de-la-myopie-chez-les-enfants\/"]}]},{"@type":"ImageObject","inLanguage":"de","@id":"https:\/\/www.hansen-optic.ch\/actualites\/ralentissement-de-la-myopie-chez-les-enfants\/#primaryimage","url":"https:\/\/www.hansen-optic.ch\/wp-content\/uploads\/uploads\/2022\/03\/Capture-de\u0301cran-2022-03-15-a\u0300-14.55.20.png","contentUrl":"https:\/\/www.hansen-optic.ch\/wp-content\/uploads\/uploads\/2022\/03\/Capture-de\u0301cran-2022-03-15-a\u0300-14.55.20.png","width":319,"height":260},{"@type":"BreadcrumbList","@id":"https:\/\/www.hansen-optic.ch\/actualites\/ralentissement-de-la-myopie-chez-les-enfants\/#breadcrumb","itemListElement":[{"@type":"ListItem","position":1,"name":"Home","item":"https:\/\/www.hansen-optic.ch\/"},{"@type":"ListItem","position":2,"name":"Ralentissement de la myopie chez les enfants"}]},{"@type":"WebSite","@id":"https:\/\/www.hansen-optic.ch\/#website","url":"https:\/\/www.hansen-optic.ch\/","name":"Hansen-Optique SA","description":"Qualit\u00e9 | Pr\u00e9cision | Proximit\u00e9 - Voyez mieux, vivez mieux!","publisher":{"@id":"https:\/\/www.hansen-optic.ch\/#organization"},"potentialAction":[{"@type":"SearchAction","target":{"@type":"EntryPoint","urlTemplate":"https:\/\/www.hansen-optic.ch\/?s={search_term_string}"},"query-input":{"@type":"PropertyValueSpecification","valueRequired":true,"valueName":"search_term_string"}}],"inLanguage":"de"},{"@type":"Organization","@id":"https:\/\/www.hansen-optic.ch\/#organization","name":"Hansen Optique SA","url":"https:\/\/www.hansen-optic.ch\/","logo":{"@type":"ImageObject","inLanguage":"de","@id":"https:\/\/www.hansen-optic.ch\/#\/schema\/logo\/image\/","url":"https:\/\/www.hansen-optic.ch\/wp-content\/uploads\/2025\/06\/Hansen_optique-lunetterie-sierre.png","contentUrl":"https:\/\/www.hansen-optic.ch\/wp-content\/uploads\/2025\/06\/Hansen_optique-lunetterie-sierre.png","width":1082,"height":258,"caption":"Hansen Optique SA"},"image":{"@id":"https:\/\/www.hansen-optic.ch\/#\/schema\/logo\/image\/"},"sameAs":["https:\/\/www.facebook.com\/HansenOptiqueSierre\/","https:\/\/www.instagram.com\/hansen_optique_sa\/"]},{"@type":"Person","@id":"https:\/\/www.hansen-optic.ch\/#\/schema\/person\/fd6708d4c6466fbdccbb93bd14b69522","name":"admin","image":{"@type":"ImageObject","inLanguage":"de","@id":"https:\/\/www.hansen-optic.ch\/#\/schema\/person\/image\/","url":"https:\/\/secure.gravatar.com\/avatar\/954f05d308ef9edab2a00891c03ea7134632d97137acfa846d45f5d3c8aa02f0?s=96&d=mm&r=g","contentUrl":"https:\/\/secure.gravatar.com\/avatar\/954f05d308ef9edab2a00891c03ea7134632d97137acfa846d45f5d3c8aa02f0?s=96&d=mm&r=g","caption":"admin"}}]}},"_links":{"self":[{"href":"https:\/\/www.hansen-optic.ch\/de\/wp-json\/wp\/v2\/posts\/2648","targetHints":{"allow":["GET"]}}],"collection":[{"href":"https:\/\/www.hansen-optic.ch\/de\/wp-json\/wp\/v2\/posts"}],"about":[{"href":"https:\/\/www.hansen-optic.ch\/de\/wp-json\/wp\/v2\/types\/post"}],"author":[{"embeddable":true,"href":"https:\/\/www.hansen-optic.ch\/de\/wp-json\/wp\/v2\/users\/1"}],"replies":[{"embeddable":true,"href":"https:\/\/www.hansen-optic.ch\/de\/wp-json\/wp\/v2\/comments?post=2648"}],"version-history":[{"count":5,"href":"https:\/\/www.hansen-optic.ch\/de\/wp-json\/wp\/v2\/posts\/2648\/revisions"}],"predecessor-version":[{"id":2657,"href":"https:\/\/www.hansen-optic.ch\/de\/wp-json\/wp\/v2\/posts\/2648\/revisions\/2657"}],"wp:featuredmedia":[{"embeddable":true,"href":"https:\/\/www.hansen-optic.ch\/de\/wp-json\/wp\/v2\/media\/2649"}],"wp:attachment":[{"href":"https:\/\/www.hansen-optic.ch\/de\/wp-json\/wp\/v2\/media?parent=2648"}],"wp:term":[{"taxonomy":"category","embeddable":true,"href":"https:\/\/www.hansen-optic.ch\/de\/wp-json\/wp\/v2\/categories?post=2648"},{"taxonomy":"post_tag","embeddable":true,"href":"https:\/\/www.hansen-optic.ch\/de\/wp-json\/wp\/v2\/tags?post=2648"}],"curies":[{"name":"wp","href":"https:\/\/api.w.org\/{rel}","templated":true}]}}