{"id":2658,"date":"2023-02-02T12:55:00","date_gmt":"2023-02-02T12:55:00","guid":{"rendered":"https:\/\/www.hansen-optic.ch\/?p=2658"},"modified":"2023-02-04T15:35:56","modified_gmt":"2023-02-04T15:35:56","slug":"coup-de-coeur","status":"publish","type":"post","link":"https:\/\/www.hansen-optic.ch\/de\/actualites\/coup-de-coeur\/","title":{"rendered":"Coup de coeur"},"content":{"rendered":"<div data-elementor-type=\"wp-post\" data-elementor-id=\"2658\" class=\"elementor elementor-2658\" data-elementor-post-type=\"post\">\n\t\t\t\t\t\t<section class=\"elementor-section elementor-top-section elementor-element elementor-element-453dbf2a elementor-section-boxed elementor-section-height-default elementor-section-height-default\" data-id=\"453dbf2a\" data-element_type=\"section\">\n\t\t\t\t\t\t<div class=\"elementor-container elementor-column-gap-default\">\n\t\t\t\t\t<div class=\"elementor-column elementor-col-100 elementor-top-column elementor-element elementor-element-70fecb7a\" data-id=\"70fecb7a\" data-element_type=\"column\">\n\t\t\t<div class=\"elementor-widget-wrap elementor-element-populated\">\n\t\t\t\t\t\t<div class=\"elementor-element elementor-element-62955a7c elementor-widget elementor-widget-text-editor\" data-id=\"62955a7c\" data-element_type=\"widget\" data-widget_type=\"text-editor.default\">\n\t\t\t\t<div class=\"elementor-widget-container\">\n\t\t\t\t\t\t\t\t\t\n<p>La collection J.F. REY saisit par la force visuelle et l&rsquo;expression artistique de ses mod\u00e8les. Son design explore la fusion des mati\u00e8res et la construction des formes contemporaines de l&rsquo;architecture dans des compositions surprenantes d&rsquo;inventivit\u00e9.<\/p>\n\t\t\t\t\t\t\t\t<\/div>\n\t\t\t\t<\/div>\n\t\t\t\t\t<\/div>\n\t\t<\/div>\n\t\t\t\t\t<\/div>\n\t\t<\/section>\n\t\t\t\t<section class=\"elementor-section elementor-top-section elementor-element elementor-element-b6566d8 elementor-section-boxed elementor-section-height-default elementor-section-height-default\" data-id=\"b6566d8\" data-element_type=\"section\">\n\t\t\t\t\t\t<div class=\"elementor-container elementor-column-gap-default\">\n\t\t\t\t\t<div class=\"elementor-column elementor-col-33 elementor-top-column elementor-element elementor-element-3bcc5f2\" data-id=\"3bcc5f2\" data-element_type=\"column\">\n\t\t\t<div class=\"elementor-widget-wrap elementor-element-populated\">\n\t\t\t\t\t\t<div class=\"elementor-element elementor-element-625f1a9 elementor-widget elementor-widget-image\" data-id=\"625f1a9\" data-element_type=\"widget\" data-widget_type=\"image.default\">\n\t\t\t\t<div class=\"elementor-widget-container\">\n\t\t\t\t\t\t\t\t\t\t\t\t\t\t\t<img fetchpriority=\"high\" decoding=\"async\" width=\"800\" height=\"733\" src=\"https:\/\/www.hansen-optic.ch\/wp-content\/uploads\/uploads\/2022\/03\/jfrey.png\" class=\"attachment-large size-large wp-image-2937\" alt=\"\" srcset=\"https:\/\/www.hansen-optic.ch\/wp-content\/uploads\/2022\/03\/jfrey.png 881w, https:\/\/www.hansen-optic.ch\/wp-content\/uploads\/2022\/03\/jfrey-300x275.png 300w, https:\/\/www.hansen-optic.ch\/wp-content\/uploads\/2022\/03\/jfrey-768x703.png 768w, https:\/\/www.hansen-optic.ch\/wp-content\/uploads\/2022\/03\/jfrey-13x12.png 13w\" sizes=\"(max-width: 800px) 100vw, 800px\" \/>\t\t\t\t\t\t\t\t\t\t\t\t\t\t\t<\/div>\n\t\t\t\t<\/div>\n\t\t\t\t\t<\/div>\n\t\t<\/div>\n\t\t\t\t<div class=\"elementor-column elementor-col-33 elementor-top-column elementor-element elementor-element-439b636\" data-id=\"439b636\" data-element_type=\"column\">\n\t\t\t<div class=\"elementor-widget-wrap elementor-element-populated\">\n\t\t\t\t\t\t<div class=\"elementor-element elementor-element-28e08b1 elementor-widget elementor-widget-text-editor\" data-id=\"28e08b1\" data-element_type=\"widget\" data-widget_type=\"text-editor.default\">\n\t\t\t\t<div class=\"elementor-widget-container\">\n\t\t\t\t\t\t\t\t\t<h3>Maison Jean-Fran\u00e7ois Rey est une entreprise ind\u00e9pendante de design de montures optiques et solaires haut de gamme. Libert\u00e9 dans la cr\u00e9ation, passion et curiosit\u00e9 sont au c\u0153ur de notre philosophie et de notre travail.<\/h3>\t\t\t\t\t\t\t\t<\/div>\n\t\t\t\t<\/div>\n\t\t\t\t\t<\/div>\n\t\t<\/div>\n\t\t\t\t<div class=\"elementor-column elementor-col-33 elementor-top-column elementor-element elementor-element-76a9e58\" data-id=\"76a9e58\" data-element_type=\"column\">\n\t\t\t<div class=\"elementor-widget-wrap elementor-element-populated\">\n\t\t\t\t\t\t<div class=\"elementor-element elementor-element-f9cb257 elementor-widget elementor-widget-image\" data-id=\"f9cb257\" data-element_type=\"widget\" data-widget_type=\"image.default\">\n\t\t\t\t<div class=\"elementor-widget-container\">\n\t\t\t\t\t\t\t\t\t\t\t\t\t\t\t<img decoding=\"async\" width=\"493\" height=\"288\" src=\"https:\/\/www.hansen-optic.ch\/wp-content\/uploads\/uploads\/2022\/03\/jfrey3.png\" class=\"attachment-large size-large wp-image-2941\" alt=\"\" srcset=\"https:\/\/www.hansen-optic.ch\/wp-content\/uploads\/2022\/03\/jfrey3.png 493w, https:\/\/www.hansen-optic.ch\/wp-content\/uploads\/2022\/03\/jfrey3-300x175.png 300w, https:\/\/www.hansen-optic.ch\/wp-content\/uploads\/2022\/03\/jfrey3-18x12.png 18w\" sizes=\"(max-width: 493px) 100vw, 493px\" \/>\t\t\t\t\t\t\t\t\t\t\t\t\t\t\t<\/div>\n\t\t\t\t<\/div>\n\t\t\t\t\t<\/div>\n\t\t<\/div>\n\t\t\t\t\t<\/div>\n\t\t<\/section>\n\t\t\t\t<section class=\"elementor-section elementor-top-section elementor-element elementor-element-fe0ca60 elementor-section-boxed elementor-section-height-default elementor-section-height-default\" data-id=\"fe0ca60\" data-element_type=\"section\">\n\t\t\t\t\t\t<div class=\"elementor-container elementor-column-gap-default\">\n\t\t\t\t\t<div class=\"elementor-column elementor-col-50 elementor-top-column elementor-element elementor-element-67e9de6\" data-id=\"67e9de6\" data-element_type=\"column\">\n\t\t\t<div class=\"elementor-widget-wrap elementor-element-populated\">\n\t\t\t\t\t\t<div class=\"elementor-element elementor-element-ba70871 elementor-widget elementor-widget-text-editor\" data-id=\"ba70871\" data-element_type=\"widget\" data-widget_type=\"text-editor.default\">\n\t\t\t\t<div class=\"elementor-widget-container\">\n\t\t\t\t\t\t\t\t\t<h3>J.F.REY exprime un style d\u00e9cal\u00e9 et diff\u00e9renciateur. La marque s\u2019inscrit dans la culture d\u2019exp\u00e9rimentation et se d\u00e9finit \u00e0 travers l\u2019innovation et le design contemporain.<\/h3>\n<p>\u00a0<\/p>\n<h3>Formes, couleurs, mati\u00e8res, laissez-vous s\u00e9duire par la collection au design ultra-cr\u00e9atif. Chaque mod\u00e8le est une pi\u00e8ce originale imagin\u00e9e par les designers de notre studio de cr\u00e9ation.<\/h3>\t\t\t\t\t\t\t\t<\/div>\n\t\t\t\t<\/div>\n\t\t\t\t\t<\/div>\n\t\t<\/div>\n\t\t\t\t<div class=\"elementor-column elementor-col-50 elementor-top-column elementor-element elementor-element-65cbbf2\" data-id=\"65cbbf2\" data-element_type=\"column\">\n\t\t\t<div class=\"elementor-widget-wrap elementor-element-populated\">\n\t\t\t\t\t\t<div class=\"elementor-element elementor-element-cda66b6 elementor-widget elementor-widget-image\" data-id=\"cda66b6\" data-element_type=\"widget\" data-widget_type=\"image.default\">\n\t\t\t\t<div class=\"elementor-widget-container\">\n\t\t\t\t\t\t\t\t\t\t\t\t\t\t\t<img decoding=\"async\" width=\"800\" height=\"626\" src=\"https:\/\/www.hansen-optic.ch\/wp-content\/uploads\/uploads\/2022\/03\/Capture-de\u0301cran-2022-03-21-a\u0300-13.43.02.png\" class=\"attachment-large size-large wp-image-2688\" alt=\"\" srcset=\"https:\/\/www.hansen-optic.ch\/wp-content\/uploads\/2022\/03\/Capture-de\u0301cran-2022-03-21-a\u0300-13.43.02.png 815w, https:\/\/www.hansen-optic.ch\/wp-content\/uploads\/2022\/03\/Capture-de\u0301cran-2022-03-21-a\u0300-13.43.02-300x235.png 300w, https:\/\/www.hansen-optic.ch\/wp-content\/uploads\/2022\/03\/Capture-de\u0301cran-2022-03-21-a\u0300-13.43.02-768x601.png 768w, https:\/\/www.hansen-optic.ch\/wp-content\/uploads\/2022\/03\/Capture-de\u0301cran-2022-03-21-a\u0300-13.43.02-15x12.png 15w\" sizes=\"(max-width: 800px) 100vw, 800px\" \/>\t\t\t\t\t\t\t\t\t\t\t\t\t\t\t<\/div>\n\t\t\t\t<\/div>\n\t\t\t\t\t<\/div>\n\t\t<\/div>\n\t\t\t\t\t<\/div>\n\t\t<\/section>\n\t\t\t\t<section class=\"elementor-section elementor-top-section elementor-element elementor-element-5d7e535 elementor-section-boxed elementor-section-height-default elementor-section-height-default\" data-id=\"5d7e535\" data-element_type=\"section\">\n\t\t\t\t\t\t<div class=\"elementor-container elementor-column-gap-default\">\n\t\t\t\t\t<div class=\"elementor-column elementor-col-33 elementor-top-column elementor-element elementor-element-8d2f008\" data-id=\"8d2f008\" data-element_type=\"column\">\n\t\t\t<div class=\"elementor-widget-wrap elementor-element-populated\">\n\t\t\t\t\t\t<div class=\"elementor-element elementor-element-f879ae5 elementor-widget elementor-widget-image\" data-id=\"f879ae5\" data-element_type=\"widget\" data-widget_type=\"image.default\">\n\t\t\t\t<div class=\"elementor-widget-container\">\n\t\t\t\t\t\t\t\t\t\t\t\t\t\t\t<img loading=\"lazy\" decoding=\"async\" width=\"800\" height=\"744\" src=\"https:\/\/www.hansen-optic.ch\/wp-content\/uploads\/uploads\/2022\/03\/jfrey1.png\" class=\"attachment-large size-large wp-image-2938\" alt=\"\" srcset=\"https:\/\/www.hansen-optic.ch\/wp-content\/uploads\/2022\/03\/jfrey1.png 878w, https:\/\/www.hansen-optic.ch\/wp-content\/uploads\/2022\/03\/jfrey1-300x279.png 300w, https:\/\/www.hansen-optic.ch\/wp-content\/uploads\/2022\/03\/jfrey1-768x715.png 768w, https:\/\/www.hansen-optic.ch\/wp-content\/uploads\/2022\/03\/jfrey1-13x12.png 13w\" sizes=\"(max-width: 800px) 100vw, 800px\" \/>\t\t\t\t\t\t\t\t\t\t\t\t\t\t\t<\/div>\n\t\t\t\t<\/div>\n\t\t\t\t\t<\/div>\n\t\t<\/div>\n\t\t\t\t<div class=\"elementor-column elementor-col-33 elementor-top-column elementor-element elementor-element-499fd3a\" data-id=\"499fd3a\" data-element_type=\"column\">\n\t\t\t<div class=\"elementor-widget-wrap elementor-element-populated\">\n\t\t\t\t\t\t<div class=\"elementor-element elementor-element-8bd3a1a elementor-widget elementor-widget-image\" data-id=\"8bd3a1a\" data-element_type=\"widget\" data-widget_type=\"image.default\">\n\t\t\t\t<div class=\"elementor-widget-container\">\n\t\t\t\t\t\t\t\t\t\t\t\t\t\t\t<img loading=\"lazy\" decoding=\"async\" width=\"300\" height=\"300\" src=\"https:\/\/www.hansen-optic.ch\/wp-content\/uploads\/uploads\/2022\/03\/jfreylogo-300x300.png\" class=\"attachment-medium size-medium wp-image-2939\" alt=\"\" srcset=\"https:\/\/www.hansen-optic.ch\/wp-content\/uploads\/2022\/03\/jfreylogo-300x300.png 300w, https:\/\/www.hansen-optic.ch\/wp-content\/uploads\/2022\/03\/jfreylogo-150x150.png 150w, https:\/\/www.hansen-optic.ch\/wp-content\/uploads\/2022\/03\/jfreylogo-768x768.png 768w, https:\/\/www.hansen-optic.ch\/wp-content\/uploads\/2022\/03\/jfreylogo-12x12.png 12w, https:\/\/www.hansen-optic.ch\/wp-content\/uploads\/2022\/03\/jfreylogo.png 777w\" sizes=\"(max-width: 300px) 100vw, 300px\" \/>\t\t\t\t\t\t\t\t\t\t\t\t\t\t\t<\/div>\n\t\t\t\t<\/div>\n\t\t\t\t\t<\/div>\n\t\t<\/div>\n\t\t\t\t<div class=\"elementor-column elementor-col-33 elementor-top-column elementor-element elementor-element-d699a2e\" data-id=\"d699a2e\" data-element_type=\"column\">\n\t\t\t<div class=\"elementor-widget-wrap elementor-element-populated\">\n\t\t\t\t\t\t<div class=\"elementor-element elementor-element-3c7f330 elementor-widget elementor-widget-image\" data-id=\"3c7f330\" data-element_type=\"widget\" data-widget_type=\"image.default\">\n\t\t\t\t<div class=\"elementor-widget-container\">\n\t\t\t\t\t\t\t\t\t\t\t\t\t\t\t<img loading=\"lazy\" decoding=\"async\" width=\"768\" height=\"674\" src=\"https:\/\/www.hansen-optic.ch\/wp-content\/uploads\/uploads\/2022\/03\/jfrey4.png\" class=\"attachment-medium_large size-medium_large wp-image-2949\" alt=\"\" srcset=\"https:\/\/www.hansen-optic.ch\/wp-content\/uploads\/2022\/03\/jfrey4.png 769w, https:\/\/www.hansen-optic.ch\/wp-content\/uploads\/2022\/03\/jfrey4-300x263.png 300w, https:\/\/www.hansen-optic.ch\/wp-content\/uploads\/2022\/03\/jfrey4-14x12.png 14w\" sizes=\"(max-width: 768px) 100vw, 768px\" \/>\t\t\t\t\t\t\t\t\t\t\t\t\t\t\t<\/div>\n\t\t\t\t<\/div>\n\t\t\t\t\t<\/div>\n\t\t<\/div>\n\t\t\t\t\t<\/div>\n\t\t<\/section>\n\t\t\t\t<section class=\"elementor-section elementor-top-section elementor-element elementor-element-ed105c4 elementor-section-boxed elementor-section-height-default elementor-section-height-default\" data-id=\"ed105c4\" data-element_type=\"section\">\n\t\t\t\t\t\t<div class=\"elementor-container elementor-column-gap-default\">\n\t\t\t\t\t<div class=\"elementor-column elementor-col-50 elementor-top-column elementor-element elementor-element-73cb6dd\" data-id=\"73cb6dd\" data-element_type=\"column\">\n\t\t\t<div class=\"elementor-widget-wrap\">\n\t\t\t\t\t\t\t<\/div>\n\t\t<\/div>\n\t\t\t\t<div class=\"elementor-column elementor-col-50 elementor-top-column elementor-element elementor-element-1270956\" data-id=\"1270956\" data-element_type=\"column\">\n\t\t\t<div class=\"elementor-widget-wrap\">\n\t\t\t\t\t\t\t<\/div>\n\t\t<\/div>\n\t\t\t\t\t<\/div>\n\t\t<\/section>\n\t\t\t\t<\/div>","protected":false},"excerpt":{"rendered":"<p>La collection J.F. REY saisit par la force visuelle et l&rsquo;expression artistique de ses mod\u00e8les. Son design explore la fusion des mati\u00e8res et la construction des formes contemporaines de l&rsquo;architecture dans des compositions surprenantes d&rsquo;inventivit\u00e9. Maison Jean-Fran\u00e7ois Rey est une entreprise ind\u00e9pendante de design de montures optiques et solaires haut de gamme. Libert\u00e9 dans la [&hellip;]<\/p>","protected":false},"author":1,"featured_media":2662,"comment_status":"closed","ping_status":"open","sticky":false,"template":"","format":"standard","meta":{"footnotes":""},"categories":[6,4,5],"tags":[],"class_list":["post-2658","post","type-post","status-publish","format-standard","has-post-thumbnail","hentry","category-actualites","category-evenements","category-promotions"],"yoast_head":"<!-- This site is optimized with the Yoast SEO plugin v25.8 - https:\/\/yoast.com\/wordpress\/plugins\/seo\/ -->\r\n<title>Coup de coeur &#8226; Hansen-Optique SA<\/title>\r\n<meta name=\"robots\" content=\"index, follow, max-snippet:-1, max-image-preview:large, max-video-preview:-1\" \/>\r\n<link rel=\"canonical\" href=\"https:\/\/www.hansen-optic.ch\/de\/actualites\/coup-de-coeur\/\" \/>\r\n<meta property=\"og:locale\" content=\"de_DE\" \/>\r\n<meta property=\"og:type\" content=\"article\" \/>\r\n<meta property=\"og:title\" content=\"Coup de coeur &#8226; Hansen-Optique SA\" \/>\r\n<meta property=\"og:description\" content=\"La collection J.F. REY saisit par la force visuelle et l&rsquo;expression artistique de ses mod\u00e8les. Son design explore la fusion des mati\u00e8res et la construction des formes contemporaines de l&rsquo;architecture dans des compositions surprenantes d&rsquo;inventivit\u00e9. Maison Jean-Fran\u00e7ois Rey est une entreprise ind\u00e9pendante de design de montures optiques et solaires haut de gamme. Libert\u00e9 dans la [&hellip;]\" \/>\r\n<meta property=\"og:url\" content=\"https:\/\/www.hansen-optic.ch\/de\/actualites\/coup-de-coeur\/\" \/>\r\n<meta property=\"og:site_name\" content=\"Hansen-Optique SA\" \/>\r\n<meta property=\"article:publisher\" content=\"https:\/\/www.facebook.com\/HansenOptiqueSierre\/\" \/>\r\n<meta property=\"article:published_time\" content=\"2023-02-02T12:55:00+00:00\" \/>\r\n<meta property=\"article:modified_time\" content=\"2023-02-04T15:35:56+00:00\" \/>\r\n<meta property=\"og:image\" content=\"https:\/\/www.hansen-optic.ch\/wp-content\/uploads\/2022\/03\/Capture-de\u0301cran-2022-03-21-a\u0300-11.52.36.png\" \/>\r\n\t<meta property=\"og:image:width\" content=\"963\" \/>\r\n\t<meta property=\"og:image:height\" content=\"701\" \/>\r\n\t<meta property=\"og:image:type\" content=\"image\/png\" \/>\r\n<meta name=\"author\" content=\"admin\" \/>\r\n<meta name=\"twitter:card\" content=\"summary_large_image\" \/>\r\n<meta name=\"twitter:label1\" content=\"Verfasst von\" \/>\n\t<meta name=\"twitter:data1\" content=\"admin\" \/>\n\t<meta name=\"twitter:label2\" content=\"Gesch\u00e4tzte Lesezeit\" \/>\n\t<meta name=\"twitter:data2\" content=\"2\u00a0Minuten\" \/>\r\n<script type=\"application\/ld+json\" class=\"yoast-schema-graph\">{\"@context\":\"https:\/\/schema.org\",\"@graph\":[{\"@type\":\"Article\",\"@id\":\"https:\/\/www.hansen-optic.ch\/actualites\/coup-de-coeur\/#article\",\"isPartOf\":{\"@id\":\"https:\/\/www.hansen-optic.ch\/actualites\/coup-de-coeur\/\"},\"author\":{\"name\":\"admin\",\"@id\":\"https:\/\/www.hansen-optic.ch\/#\/schema\/person\/fd6708d4c6466fbdccbb93bd14b69522\"},\"headline\":\"Coup de coeur\",\"datePublished\":\"2023-02-02T12:55:00+00:00\",\"dateModified\":\"2023-02-04T15:35:56+00:00\",\"mainEntityOfPage\":{\"@id\":\"https:\/\/www.hansen-optic.ch\/actualites\/coup-de-coeur\/\"},\"wordCount\":147,\"publisher\":{\"@id\":\"https:\/\/www.hansen-optic.ch\/#organization\"},\"image\":{\"@id\":\"https:\/\/www.hansen-optic.ch\/actualites\/coup-de-coeur\/#primaryimage\"},\"thumbnailUrl\":\"https:\/\/www.hansen-optic.ch\/wp-content\/uploads\/uploads\/2022\/03\/Capture-de\u0301cran-2022-03-21-a\u0300-11.52.36.png\",\"articleSection\":[\"Actualit\u00e9s\",\"Ev\u00e9nements\",\"Promotions\"],\"inLanguage\":\"de\"},{\"@type\":\"WebPage\",\"@id\":\"https:\/\/www.hansen-optic.ch\/actualites\/coup-de-coeur\/\",\"url\":\"https:\/\/www.hansen-optic.ch\/actualites\/coup-de-coeur\/\",\"name\":\"Coup de coeur &#8226; Hansen-Optique SA\",\"isPartOf\":{\"@id\":\"https:\/\/www.hansen-optic.ch\/#website\"},\"primaryImageOfPage\":{\"@id\":\"https:\/\/www.hansen-optic.ch\/actualites\/coup-de-coeur\/#primaryimage\"},\"image\":{\"@id\":\"https:\/\/www.hansen-optic.ch\/actualites\/coup-de-coeur\/#primaryimage\"},\"thumbnailUrl\":\"https:\/\/www.hansen-optic.ch\/wp-content\/uploads\/uploads\/2022\/03\/Capture-de\u0301cran-2022-03-21-a\u0300-11.52.36.png\",\"datePublished\":\"2023-02-02T12:55:00+00:00\",\"dateModified\":\"2023-02-04T15:35:56+00:00\",\"breadcrumb\":{\"@id\":\"https:\/\/www.hansen-optic.ch\/actualites\/coup-de-coeur\/#breadcrumb\"},\"inLanguage\":\"de\",\"potentialAction\":[{\"@type\":\"ReadAction\",\"target\":[\"https:\/\/www.hansen-optic.ch\/actualites\/coup-de-coeur\/\"]}]},{\"@type\":\"ImageObject\",\"inLanguage\":\"de\",\"@id\":\"https:\/\/www.hansen-optic.ch\/actualites\/coup-de-coeur\/#primaryimage\",\"url\":\"https:\/\/www.hansen-optic.ch\/wp-content\/uploads\/uploads\/2022\/03\/Capture-de\u0301cran-2022-03-21-a\u0300-11.52.36.png\",\"contentUrl\":\"https:\/\/www.hansen-optic.ch\/wp-content\/uploads\/uploads\/2022\/03\/Capture-de\u0301cran-2022-03-21-a\u0300-11.52.36.png\",\"width\":963,\"height\":701},{\"@type\":\"BreadcrumbList\",\"@id\":\"https:\/\/www.hansen-optic.ch\/actualites\/coup-de-coeur\/#breadcrumb\",\"itemListElement\":[{\"@type\":\"ListItem\",\"position\":1,\"name\":\"Home\",\"item\":\"https:\/\/www.hansen-optic.ch\/\"},{\"@type\":\"ListItem\",\"position\":2,\"name\":\"Coup de coeur\"}]},{\"@type\":\"WebSite\",\"@id\":\"https:\/\/www.hansen-optic.ch\/#website\",\"url\":\"https:\/\/www.hansen-optic.ch\/\",\"name\":\"Hansen-Optique SA\",\"description\":\"Qualit\u00e9 | Pr\u00e9cision | Proximit\u00e9 - Voyez mieux, vivez mieux!\",\"publisher\":{\"@id\":\"https:\/\/www.hansen-optic.ch\/#organization\"},\"potentialAction\":[{\"@type\":\"SearchAction\",\"target\":{\"@type\":\"EntryPoint\",\"urlTemplate\":\"https:\/\/www.hansen-optic.ch\/?s={search_term_string}\"},\"query-input\":{\"@type\":\"PropertyValueSpecification\",\"valueRequired\":true,\"valueName\":\"search_term_string\"}}],\"inLanguage\":\"de\"},{\"@type\":\"Organization\",\"@id\":\"https:\/\/www.hansen-optic.ch\/#organization\",\"name\":\"Hansen Optique SA\",\"url\":\"https:\/\/www.hansen-optic.ch\/\",\"logo\":{\"@type\":\"ImageObject\",\"inLanguage\":\"de\",\"@id\":\"https:\/\/www.hansen-optic.ch\/#\/schema\/logo\/image\/\",\"url\":\"https:\/\/www.hansen-optic.ch\/wp-content\/uploads\/2025\/06\/Hansen_optique-lunetterie-sierre.png\",\"contentUrl\":\"https:\/\/www.hansen-optic.ch\/wp-content\/uploads\/2025\/06\/Hansen_optique-lunetterie-sierre.png\",\"width\":1082,\"height\":258,\"caption\":\"Hansen Optique SA\"},\"image\":{\"@id\":\"https:\/\/www.hansen-optic.ch\/#\/schema\/logo\/image\/\"},\"sameAs\":[\"https:\/\/www.facebook.com\/HansenOptiqueSierre\/\",\"https:\/\/www.instagram.com\/hansen_optique_sa\/\"]},{\"@type\":\"Person\",\"@id\":\"https:\/\/www.hansen-optic.ch\/#\/schema\/person\/fd6708d4c6466fbdccbb93bd14b69522\",\"name\":\"admin\",\"image\":{\"@type\":\"ImageObject\",\"inLanguage\":\"de\",\"@id\":\"https:\/\/www.hansen-optic.ch\/#\/schema\/person\/image\/\",\"url\":\"https:\/\/secure.gravatar.com\/avatar\/954f05d308ef9edab2a00891c03ea7134632d97137acfa846d45f5d3c8aa02f0?s=96&d=mm&r=g\",\"contentUrl\":\"https:\/\/secure.gravatar.com\/avatar\/954f05d308ef9edab2a00891c03ea7134632d97137acfa846d45f5d3c8aa02f0?s=96&d=mm&r=g\",\"caption\":\"admin\"}}]}<\/script>\r\n<!-- \/ Yoast SEO plugin. -->","yoast_head_json":{"title":"Coup de coeur &#8226; Hansen-Optique SA","robots":{"index":"index","follow":"follow","max-snippet":"max-snippet:-1","max-image-preview":"max-image-preview:large","max-video-preview":"max-video-preview:-1"},"canonical":"https:\/\/www.hansen-optic.ch\/de\/actualites\/coup-de-coeur\/","og_locale":"de_DE","og_type":"article","og_title":"Coup de coeur &#8226; Hansen-Optique SA","og_description":"La collection J.F. REY saisit par la force visuelle et l&rsquo;expression artistique de ses mod\u00e8les. Son design explore la fusion des mati\u00e8res et la construction des formes contemporaines de l&rsquo;architecture dans des compositions surprenantes d&rsquo;inventivit\u00e9. Maison Jean-Fran\u00e7ois Rey est une entreprise ind\u00e9pendante de design de montures optiques et solaires haut de gamme. Libert\u00e9 dans la [&hellip;]","og_url":"https:\/\/www.hansen-optic.ch\/de\/actualites\/coup-de-coeur\/","og_site_name":"Hansen-Optique SA","article_publisher":"https:\/\/www.facebook.com\/HansenOptiqueSierre\/","article_published_time":"2023-02-02T12:55:00+00:00","article_modified_time":"2023-02-04T15:35:56+00:00","og_image":[{"width":963,"height":701,"url":"https:\/\/www.hansen-optic.ch\/wp-content\/uploads\/2022\/03\/Capture-de\u0301cran-2022-03-21-a\u0300-11.52.36.png","type":"image\/png"}],"author":"admin","twitter_card":"summary_large_image","twitter_misc":{"Verfasst von":"admin","Gesch\u00e4tzte Lesezeit":"2\u00a0Minuten"},"schema":{"@context":"https:\/\/schema.org","@graph":[{"@type":"Article","@id":"https:\/\/www.hansen-optic.ch\/actualites\/coup-de-coeur\/#article","isPartOf":{"@id":"https:\/\/www.hansen-optic.ch\/actualites\/coup-de-coeur\/"},"author":{"name":"admin","@id":"https:\/\/www.hansen-optic.ch\/#\/schema\/person\/fd6708d4c6466fbdccbb93bd14b69522"},"headline":"Coup de coeur","datePublished":"2023-02-02T12:55:00+00:00","dateModified":"2023-02-04T15:35:56+00:00","mainEntityOfPage":{"@id":"https:\/\/www.hansen-optic.ch\/actualites\/coup-de-coeur\/"},"wordCount":147,"publisher":{"@id":"https:\/\/www.hansen-optic.ch\/#organization"},"image":{"@id":"https:\/\/www.hansen-optic.ch\/actualites\/coup-de-coeur\/#primaryimage"},"thumbnailUrl":"https:\/\/www.hansen-optic.ch\/wp-content\/uploads\/uploads\/2022\/03\/Capture-de\u0301cran-2022-03-21-a\u0300-11.52.36.png","articleSection":["Actualit\u00e9s","Ev\u00e9nements","Promotions"],"inLanguage":"de"},{"@type":"WebPage","@id":"https:\/\/www.hansen-optic.ch\/actualites\/coup-de-coeur\/","url":"https:\/\/www.hansen-optic.ch\/actualites\/coup-de-coeur\/","name":"Coup de coeur &#8226; Hansen-Optique SA","isPartOf":{"@id":"https:\/\/www.hansen-optic.ch\/#website"},"primaryImageOfPage":{"@id":"https:\/\/www.hansen-optic.ch\/actualites\/coup-de-coeur\/#primaryimage"},"image":{"@id":"https:\/\/www.hansen-optic.ch\/actualites\/coup-de-coeur\/#primaryimage"},"thumbnailUrl":"https:\/\/www.hansen-optic.ch\/wp-content\/uploads\/uploads\/2022\/03\/Capture-de\u0301cran-2022-03-21-a\u0300-11.52.36.png","datePublished":"2023-02-02T12:55:00+00:00","dateModified":"2023-02-04T15:35:56+00:00","breadcrumb":{"@id":"https:\/\/www.hansen-optic.ch\/actualites\/coup-de-coeur\/#breadcrumb"},"inLanguage":"de","potentialAction":[{"@type":"ReadAction","target":["https:\/\/www.hansen-optic.ch\/actualites\/coup-de-coeur\/"]}]},{"@type":"ImageObject","inLanguage":"de","@id":"https:\/\/www.hansen-optic.ch\/actualites\/coup-de-coeur\/#primaryimage","url":"https:\/\/www.hansen-optic.ch\/wp-content\/uploads\/uploads\/2022\/03\/Capture-de\u0301cran-2022-03-21-a\u0300-11.52.36.png","contentUrl":"https:\/\/www.hansen-optic.ch\/wp-content\/uploads\/uploads\/2022\/03\/Capture-de\u0301cran-2022-03-21-a\u0300-11.52.36.png","width":963,"height":701},{"@type":"BreadcrumbList","@id":"https:\/\/www.hansen-optic.ch\/actualites\/coup-de-coeur\/#breadcrumb","itemListElement":[{"@type":"ListItem","position":1,"name":"Home","item":"https:\/\/www.hansen-optic.ch\/"},{"@type":"ListItem","position":2,"name":"Coup de coeur"}]},{"@type":"WebSite","@id":"https:\/\/www.hansen-optic.ch\/#website","url":"https:\/\/www.hansen-optic.ch\/","name":"Hansen-Optique SA","description":"Qualit\u00e9 | Pr\u00e9cision | Proximit\u00e9 - Voyez mieux, vivez mieux!","publisher":{"@id":"https:\/\/www.hansen-optic.ch\/#organization"},"potentialAction":[{"@type":"SearchAction","target":{"@type":"EntryPoint","urlTemplate":"https:\/\/www.hansen-optic.ch\/?s={search_term_string}"},"query-input":{"@type":"PropertyValueSpecification","valueRequired":true,"valueName":"search_term_string"}}],"inLanguage":"de"},{"@type":"Organization","@id":"https:\/\/www.hansen-optic.ch\/#organization","name":"Hansen Optique SA","url":"https:\/\/www.hansen-optic.ch\/","logo":{"@type":"ImageObject","inLanguage":"de","@id":"https:\/\/www.hansen-optic.ch\/#\/schema\/logo\/image\/","url":"https:\/\/www.hansen-optic.ch\/wp-content\/uploads\/2025\/06\/Hansen_optique-lunetterie-sierre.png","contentUrl":"https:\/\/www.hansen-optic.ch\/wp-content\/uploads\/2025\/06\/Hansen_optique-lunetterie-sierre.png","width":1082,"height":258,"caption":"Hansen Optique SA"},"image":{"@id":"https:\/\/www.hansen-optic.ch\/#\/schema\/logo\/image\/"},"sameAs":["https:\/\/www.facebook.com\/HansenOptiqueSierre\/","https:\/\/www.instagram.com\/hansen_optique_sa\/"]},{"@type":"Person","@id":"https:\/\/www.hansen-optic.ch\/#\/schema\/person\/fd6708d4c6466fbdccbb93bd14b69522","name":"admin","image":{"@type":"ImageObject","inLanguage":"de","@id":"https:\/\/www.hansen-optic.ch\/#\/schema\/person\/image\/","url":"https:\/\/secure.gravatar.com\/avatar\/954f05d308ef9edab2a00891c03ea7134632d97137acfa846d45f5d3c8aa02f0?s=96&d=mm&r=g","contentUrl":"https:\/\/secure.gravatar.com\/avatar\/954f05d308ef9edab2a00891c03ea7134632d97137acfa846d45f5d3c8aa02f0?s=96&d=mm&r=g","caption":"admin"}}]}},"_links":{"self":[{"href":"https:\/\/www.hansen-optic.ch\/de\/wp-json\/wp\/v2\/posts\/2658","targetHints":{"allow":["GET"]}}],"collection":[{"href":"https:\/\/www.hansen-optic.ch\/de\/wp-json\/wp\/v2\/posts"}],"about":[{"href":"https:\/\/www.hansen-optic.ch\/de\/wp-json\/wp\/v2\/types\/post"}],"author":[{"embeddable":true,"href":"https:\/\/www.hansen-optic.ch\/de\/wp-json\/wp\/v2\/users\/1"}],"replies":[{"embeddable":true,"href":"https:\/\/www.hansen-optic.ch\/de\/wp-json\/wp\/v2\/comments?post=2658"}],"version-history":[{"count":5,"href":"https:\/\/www.hansen-optic.ch\/de\/wp-json\/wp\/v2\/posts\/2658\/revisions"}],"predecessor-version":[{"id":2957,"href":"https:\/\/www.hansen-optic.ch\/de\/wp-json\/wp\/v2\/posts\/2658\/revisions\/2957"}],"wp:featuredmedia":[{"embeddable":true,"href":"https:\/\/www.hansen-optic.ch\/de\/wp-json\/wp\/v2\/media\/2662"}],"wp:attachment":[{"href":"https:\/\/www.hansen-optic.ch\/de\/wp-json\/wp\/v2\/media?parent=2658"}],"wp:term":[{"taxonomy":"category","embeddable":true,"href":"https:\/\/www.hansen-optic.ch\/de\/wp-json\/wp\/v2\/categories?post=2658"},{"taxonomy":"post_tag","embeddable":true,"href":"https:\/\/www.hansen-optic.ch\/de\/wp-json\/wp\/v2\/tags?post=2658"}],"curies":[{"name":"wp","href":"https:\/\/api.w.org\/{rel}","templated":true}]}}