{"id":2999,"date":"2026-03-28T12:31:31","date_gmt":"2026-03-28T12:31:31","guid":{"rendered":"https:\/\/www.hansen-optic.ch\/?p=2999"},"modified":"2026-03-28T12:31:33","modified_gmt":"2026-03-28T12:31:33","slug":"summer-time","status":"publish","type":"post","link":"https:\/\/www.hansen-optic.ch\/de\/actualites\/summer-time\/","title":{"rendered":"SUMMER TIME"},"content":{"rendered":"<p style=\"text-align: center;\">Vos verres solaires \u00e0 votre vue OFFERTS \u00e0 l&rsquo;achat d&rsquo;une paire de verres optiques<\/p>\n<style>\/*! elementor - v3.11.5 - 14-03-2023 *\/<br \/>\n.elementor-widget-image{text-align:center}.elementor-widget-image a{display:inline-block}.elementor-widget-image a img[src$=\".svg\"]{width:48px}.elementor-widget-image img{vertical-align:middle;display:inline-block}<\/style>\n<p>\t\t\t\t\t\t\t\t\t\t\t\t<img loading=\"lazy\" decoding=\"async\" width=\"726\" height=\"1024\" src=\"https:\/\/www.hansen-optic.ch\/wp-content\/uploads\/2023\/09\/summertime-726x1024.png\" alt=\"\" srcset=\"https:\/\/www.hansen-optic.ch\/wp-content\/uploads\/2023\/09\/summertime-726x1024.png 726w, https:\/\/www.hansen-optic.ch\/wp-content\/uploads\/2023\/09\/summertime-213x300.png 213w, https:\/\/www.hansen-optic.ch\/wp-content\/uploads\/2023\/09\/summertime-768x1083.png 768w, https:\/\/www.hansen-optic.ch\/wp-content\/uploads\/2023\/09\/summertime-9x12.png 9w, https:\/\/www.hansen-optic.ch\/wp-content\/uploads\/2023\/09\/summertime.png 854w\" sizes=\"auto, (max-width: 726px) 100vw, 726px\"><\/p>","protected":false},"excerpt":{"rendered":"<p>Vos verres solaires \u00e0 votre vue OFFERTS \u00e0 l&rsquo;achat d&rsquo;une paire de verres optiques<\/p>","protected":false},"author":1,"featured_media":3038,"comment_status":"closed","ping_status":"open","sticky":false,"template":"","format":"standard","meta":{"footnotes":""},"categories":[6,23,5],"tags":[],"class_list":["post-2999","post","type-post","status-publish","format-standard","has-post-thumbnail","hentry","category-actualites","category-archives","category-promotions"],"yoast_head":"<!-- This site is optimized with the Yoast SEO plugin v25.8 - https:\/\/yoast.com\/wordpress\/plugins\/seo\/ -->\r\n<title>SUMMER TIME &#8226; Hansen-Optique SA<\/title>\r\n<meta name=\"robots\" content=\"index, follow, max-snippet:-1, max-image-preview:large, max-video-preview:-1\" \/>\r\n<link rel=\"canonical\" href=\"https:\/\/www.hansen-optic.ch\/de\/actualites\/summer-time\/\" \/>\r\n<meta property=\"og:locale\" content=\"de_DE\" \/>\r\n<meta property=\"og:type\" content=\"article\" \/>\r\n<meta property=\"og:title\" content=\"SUMMER TIME &#8226; Hansen-Optique SA\" \/>\r\n<meta property=\"og:description\" content=\"Vos verres solaires \u00e0 votre vue OFFERTS \u00e0 l&rsquo;achat d&rsquo;une paire de verres optiques\" \/>\r\n<meta property=\"og:url\" content=\"https:\/\/www.hansen-optic.ch\/de\/actualites\/summer-time\/\" \/>\r\n<meta property=\"og:site_name\" content=\"Hansen-Optique SA\" \/>\r\n<meta property=\"article:publisher\" content=\"https:\/\/www.facebook.com\/HansenOptiqueSierre\/\" \/>\r\n<meta property=\"article:published_time\" content=\"2026-03-28T12:31:31+00:00\" \/>\r\n<meta property=\"article:modified_time\" content=\"2026-03-28T12:31:33+00:00\" \/>\r\n<meta property=\"og:image\" content=\"https:\/\/www.hansen-optic.ch\/wp-content\/uploads\/uploads\/2023\/09\/summertime.png\" \/>\r\n\t<meta property=\"og:image:width\" content=\"854\" \/>\r\n\t<meta property=\"og:image:height\" content=\"1204\" \/>\r\n\t<meta property=\"og:image:type\" content=\"image\/png\" \/>\r\n<meta name=\"author\" content=\"admin\" \/>\r\n<meta name=\"twitter:card\" content=\"summary_large_image\" \/>\r\n<meta name=\"twitter:label1\" content=\"Verfasst von\" \/>\n\t<meta name=\"twitter:data1\" content=\"admin\" \/>\n\t<meta name=\"twitter:label2\" content=\"Gesch\u00e4tzte Lesezeit\" \/>\n\t<meta name=\"twitter:data2\" content=\"1\u00a0Minute\" \/>\r\n<script type=\"application\/ld+json\" class=\"yoast-schema-graph\">{\"@context\":\"https:\/\/schema.org\",\"@graph\":[{\"@type\":\"Article\",\"@id\":\"https:\/\/www.hansen-optic.ch\/actualites\/summer-time\/#article\",\"isPartOf\":{\"@id\":\"https:\/\/www.hansen-optic.ch\/actualites\/summer-time\/\"},\"author\":{\"name\":\"admin\",\"@id\":\"https:\/\/www.hansen-optic.ch\/#\/schema\/person\/fd6708d4c6466fbdccbb93bd14b69522\"},\"headline\":\"SUMMER TIME\",\"datePublished\":\"2026-03-28T12:31:31+00:00\",\"dateModified\":\"2026-03-28T12:31:33+00:00\",\"mainEntityOfPage\":{\"@id\":\"https:\/\/www.hansen-optic.ch\/actualites\/summer-time\/\"},\"wordCount\":16,\"publisher\":{\"@id\":\"https:\/\/www.hansen-optic.ch\/#organization\"},\"image\":{\"@id\":\"https:\/\/www.hansen-optic.ch\/actualites\/summer-time\/#primaryimage\"},\"thumbnailUrl\":\"https:\/\/www.hansen-optic.ch\/wp-content\/uploads\/uploads\/2023\/09\/summertime.png\",\"articleSection\":[\"Actualit\u00e9s\",\"Archives\",\"Promotions\"],\"inLanguage\":\"de\"},{\"@type\":\"WebPage\",\"@id\":\"https:\/\/www.hansen-optic.ch\/actualites\/summer-time\/\",\"url\":\"https:\/\/www.hansen-optic.ch\/actualites\/summer-time\/\",\"name\":\"SUMMER TIME &#8226; Hansen-Optique SA\",\"isPartOf\":{\"@id\":\"https:\/\/www.hansen-optic.ch\/#website\"},\"primaryImageOfPage\":{\"@id\":\"https:\/\/www.hansen-optic.ch\/actualites\/summer-time\/#primaryimage\"},\"image\":{\"@id\":\"https:\/\/www.hansen-optic.ch\/actualites\/summer-time\/#primaryimage\"},\"thumbnailUrl\":\"https:\/\/www.hansen-optic.ch\/wp-content\/uploads\/uploads\/2023\/09\/summertime.png\",\"datePublished\":\"2026-03-28T12:31:31+00:00\",\"dateModified\":\"2026-03-28T12:31:33+00:00\",\"breadcrumb\":{\"@id\":\"https:\/\/www.hansen-optic.ch\/actualites\/summer-time\/#breadcrumb\"},\"inLanguage\":\"de\",\"potentialAction\":[{\"@type\":\"ReadAction\",\"target\":[\"https:\/\/www.hansen-optic.ch\/actualites\/summer-time\/\"]}]},{\"@type\":\"ImageObject\",\"inLanguage\":\"de\",\"@id\":\"https:\/\/www.hansen-optic.ch\/actualites\/summer-time\/#primaryimage\",\"url\":\"https:\/\/www.hansen-optic.ch\/wp-content\/uploads\/uploads\/2023\/09\/summertime.png\",\"contentUrl\":\"https:\/\/www.hansen-optic.ch\/wp-content\/uploads\/uploads\/2023\/09\/summertime.png\",\"width\":854,\"height\":1204},{\"@type\":\"BreadcrumbList\",\"@id\":\"https:\/\/www.hansen-optic.ch\/actualites\/summer-time\/#breadcrumb\",\"itemListElement\":[{\"@type\":\"ListItem\",\"position\":1,\"name\":\"Home\",\"item\":\"https:\/\/www.hansen-optic.ch\/\"},{\"@type\":\"ListItem\",\"position\":2,\"name\":\"SUMMER TIME\"}]},{\"@type\":\"WebSite\",\"@id\":\"https:\/\/www.hansen-optic.ch\/#website\",\"url\":\"https:\/\/www.hansen-optic.ch\/\",\"name\":\"Hansen-Optique SA\",\"description\":\"Qualit\u00e9 | Pr\u00e9cision | Proximit\u00e9 - Voyez mieux, vivez mieux!\",\"publisher\":{\"@id\":\"https:\/\/www.hansen-optic.ch\/#organization\"},\"potentialAction\":[{\"@type\":\"SearchAction\",\"target\":{\"@type\":\"EntryPoint\",\"urlTemplate\":\"https:\/\/www.hansen-optic.ch\/?s={search_term_string}\"},\"query-input\":{\"@type\":\"PropertyValueSpecification\",\"valueRequired\":true,\"valueName\":\"search_term_string\"}}],\"inLanguage\":\"de\"},{\"@type\":\"Organization\",\"@id\":\"https:\/\/www.hansen-optic.ch\/#organization\",\"name\":\"Hansen Optique SA\",\"url\":\"https:\/\/www.hansen-optic.ch\/\",\"logo\":{\"@type\":\"ImageObject\",\"inLanguage\":\"de\",\"@id\":\"https:\/\/www.hansen-optic.ch\/#\/schema\/logo\/image\/\",\"url\":\"https:\/\/www.hansen-optic.ch\/wp-content\/uploads\/2025\/06\/Hansen_optique-lunetterie-sierre.png\",\"contentUrl\":\"https:\/\/www.hansen-optic.ch\/wp-content\/uploads\/2025\/06\/Hansen_optique-lunetterie-sierre.png\",\"width\":1082,\"height\":258,\"caption\":\"Hansen Optique SA\"},\"image\":{\"@id\":\"https:\/\/www.hansen-optic.ch\/#\/schema\/logo\/image\/\"},\"sameAs\":[\"https:\/\/www.facebook.com\/HansenOptiqueSierre\/\",\"https:\/\/www.instagram.com\/hansen_optique_sa\/\"]},{\"@type\":\"Person\",\"@id\":\"https:\/\/www.hansen-optic.ch\/#\/schema\/person\/fd6708d4c6466fbdccbb93bd14b69522\",\"name\":\"admin\",\"image\":{\"@type\":\"ImageObject\",\"inLanguage\":\"de\",\"@id\":\"https:\/\/www.hansen-optic.ch\/#\/schema\/person\/image\/\",\"url\":\"https:\/\/secure.gravatar.com\/avatar\/954f05d308ef9edab2a00891c03ea7134632d97137acfa846d45f5d3c8aa02f0?s=96&d=mm&r=g\",\"contentUrl\":\"https:\/\/secure.gravatar.com\/avatar\/954f05d308ef9edab2a00891c03ea7134632d97137acfa846d45f5d3c8aa02f0?s=96&d=mm&r=g\",\"caption\":\"admin\"}}]}<\/script>\r\n<!-- \/ Yoast SEO plugin. -->","yoast_head_json":{"title":"SUMMER TIME &#8226; Hansen-Optique SA","robots":{"index":"index","follow":"follow","max-snippet":"max-snippet:-1","max-image-preview":"max-image-preview:large","max-video-preview":"max-video-preview:-1"},"canonical":"https:\/\/www.hansen-optic.ch\/de\/actualites\/summer-time\/","og_locale":"de_DE","og_type":"article","og_title":"SUMMER TIME &#8226; Hansen-Optique SA","og_description":"Vos verres solaires \u00e0 votre vue OFFERTS \u00e0 l&rsquo;achat d&rsquo;une paire de verres optiques","og_url":"https:\/\/www.hansen-optic.ch\/de\/actualites\/summer-time\/","og_site_name":"Hansen-Optique SA","article_publisher":"https:\/\/www.facebook.com\/HansenOptiqueSierre\/","article_published_time":"2026-03-28T12:31:31+00:00","article_modified_time":"2026-03-28T12:31:33+00:00","og_image":[{"width":854,"height":1204,"url":"https:\/\/www.hansen-optic.ch\/wp-content\/uploads\/uploads\/2023\/09\/summertime.png","type":"image\/png"}],"author":"admin","twitter_card":"summary_large_image","twitter_misc":{"Verfasst von":"admin","Gesch\u00e4tzte Lesezeit":"1\u00a0Minute"},"schema":{"@context":"https:\/\/schema.org","@graph":[{"@type":"Article","@id":"https:\/\/www.hansen-optic.ch\/actualites\/summer-time\/#article","isPartOf":{"@id":"https:\/\/www.hansen-optic.ch\/actualites\/summer-time\/"},"author":{"name":"admin","@id":"https:\/\/www.hansen-optic.ch\/#\/schema\/person\/fd6708d4c6466fbdccbb93bd14b69522"},"headline":"SUMMER TIME","datePublished":"2026-03-28T12:31:31+00:00","dateModified":"2026-03-28T12:31:33+00:00","mainEntityOfPage":{"@id":"https:\/\/www.hansen-optic.ch\/actualites\/summer-time\/"},"wordCount":16,"publisher":{"@id":"https:\/\/www.hansen-optic.ch\/#organization"},"image":{"@id":"https:\/\/www.hansen-optic.ch\/actualites\/summer-time\/#primaryimage"},"thumbnailUrl":"https:\/\/www.hansen-optic.ch\/wp-content\/uploads\/uploads\/2023\/09\/summertime.png","articleSection":["Actualit\u00e9s","Archives","Promotions"],"inLanguage":"de"},{"@type":"WebPage","@id":"https:\/\/www.hansen-optic.ch\/actualites\/summer-time\/","url":"https:\/\/www.hansen-optic.ch\/actualites\/summer-time\/","name":"SUMMER TIME &#8226; Hansen-Optique SA","isPartOf":{"@id":"https:\/\/www.hansen-optic.ch\/#website"},"primaryImageOfPage":{"@id":"https:\/\/www.hansen-optic.ch\/actualites\/summer-time\/#primaryimage"},"image":{"@id":"https:\/\/www.hansen-optic.ch\/actualites\/summer-time\/#primaryimage"},"thumbnailUrl":"https:\/\/www.hansen-optic.ch\/wp-content\/uploads\/uploads\/2023\/09\/summertime.png","datePublished":"2026-03-28T12:31:31+00:00","dateModified":"2026-03-28T12:31:33+00:00","breadcrumb":{"@id":"https:\/\/www.hansen-optic.ch\/actualites\/summer-time\/#breadcrumb"},"inLanguage":"de","potentialAction":[{"@type":"ReadAction","target":["https:\/\/www.hansen-optic.ch\/actualites\/summer-time\/"]}]},{"@type":"ImageObject","inLanguage":"de","@id":"https:\/\/www.hansen-optic.ch\/actualites\/summer-time\/#primaryimage","url":"https:\/\/www.hansen-optic.ch\/wp-content\/uploads\/uploads\/2023\/09\/summertime.png","contentUrl":"https:\/\/www.hansen-optic.ch\/wp-content\/uploads\/uploads\/2023\/09\/summertime.png","width":854,"height":1204},{"@type":"BreadcrumbList","@id":"https:\/\/www.hansen-optic.ch\/actualites\/summer-time\/#breadcrumb","itemListElement":[{"@type":"ListItem","position":1,"name":"Home","item":"https:\/\/www.hansen-optic.ch\/"},{"@type":"ListItem","position":2,"name":"SUMMER TIME"}]},{"@type":"WebSite","@id":"https:\/\/www.hansen-optic.ch\/#website","url":"https:\/\/www.hansen-optic.ch\/","name":"Hansen-Optique SA","description":"Qualit\u00e9 | Pr\u00e9cision | Proximit\u00e9 - Voyez mieux, vivez mieux!","publisher":{"@id":"https:\/\/www.hansen-optic.ch\/#organization"},"potentialAction":[{"@type":"SearchAction","target":{"@type":"EntryPoint","urlTemplate":"https:\/\/www.hansen-optic.ch\/?s={search_term_string}"},"query-input":{"@type":"PropertyValueSpecification","valueRequired":true,"valueName":"search_term_string"}}],"inLanguage":"de"},{"@type":"Organization","@id":"https:\/\/www.hansen-optic.ch\/#organization","name":"Hansen Optique SA","url":"https:\/\/www.hansen-optic.ch\/","logo":{"@type":"ImageObject","inLanguage":"de","@id":"https:\/\/www.hansen-optic.ch\/#\/schema\/logo\/image\/","url":"https:\/\/www.hansen-optic.ch\/wp-content\/uploads\/2025\/06\/Hansen_optique-lunetterie-sierre.png","contentUrl":"https:\/\/www.hansen-optic.ch\/wp-content\/uploads\/2025\/06\/Hansen_optique-lunetterie-sierre.png","width":1082,"height":258,"caption":"Hansen Optique SA"},"image":{"@id":"https:\/\/www.hansen-optic.ch\/#\/schema\/logo\/image\/"},"sameAs":["https:\/\/www.facebook.com\/HansenOptiqueSierre\/","https:\/\/www.instagram.com\/hansen_optique_sa\/"]},{"@type":"Person","@id":"https:\/\/www.hansen-optic.ch\/#\/schema\/person\/fd6708d4c6466fbdccbb93bd14b69522","name":"admin","image":{"@type":"ImageObject","inLanguage":"de","@id":"https:\/\/www.hansen-optic.ch\/#\/schema\/person\/image\/","url":"https:\/\/secure.gravatar.com\/avatar\/954f05d308ef9edab2a00891c03ea7134632d97137acfa846d45f5d3c8aa02f0?s=96&d=mm&r=g","contentUrl":"https:\/\/secure.gravatar.com\/avatar\/954f05d308ef9edab2a00891c03ea7134632d97137acfa846d45f5d3c8aa02f0?s=96&d=mm&r=g","caption":"admin"}}]}},"_links":{"self":[{"href":"https:\/\/www.hansen-optic.ch\/de\/wp-json\/wp\/v2\/posts\/2999","targetHints":{"allow":["GET"]}}],"collection":[{"href":"https:\/\/www.hansen-optic.ch\/de\/wp-json\/wp\/v2\/posts"}],"about":[{"href":"https:\/\/www.hansen-optic.ch\/de\/wp-json\/wp\/v2\/types\/post"}],"author":[{"embeddable":true,"href":"https:\/\/www.hansen-optic.ch\/de\/wp-json\/wp\/v2\/users\/1"}],"replies":[{"embeddable":true,"href":"https:\/\/www.hansen-optic.ch\/de\/wp-json\/wp\/v2\/comments?post=2999"}],"version-history":[{"count":4,"href":"https:\/\/www.hansen-optic.ch\/de\/wp-json\/wp\/v2\/posts\/2999\/revisions"}],"predecessor-version":[{"id":3043,"href":"https:\/\/www.hansen-optic.ch\/de\/wp-json\/wp\/v2\/posts\/2999\/revisions\/3043"}],"wp:featuredmedia":[{"embeddable":true,"href":"https:\/\/www.hansen-optic.ch\/de\/wp-json\/wp\/v2\/media\/3038"}],"wp:attachment":[{"href":"https:\/\/www.hansen-optic.ch\/de\/wp-json\/wp\/v2\/media?parent=2999"}],"wp:term":[{"taxonomy":"category","embeddable":true,"href":"https:\/\/www.hansen-optic.ch\/de\/wp-json\/wp\/v2\/categories?post=2999"},{"taxonomy":"post_tag","embeddable":true,"href":"https:\/\/www.hansen-optic.ch\/de\/wp-json\/wp\/v2\/tags?post=2999"}],"curies":[{"name":"wp","href":"https:\/\/api.w.org\/{rel}","templated":true}]}}