{"id":3190,"date":"2025-01-30T17:16:40","date_gmt":"2025-01-30T17:16:40","guid":{"rendered":"https:\/\/www.hansen-optic.ch\/?p=3190"},"modified":"2025-05-03T14:50:36","modified_gmt":"2025-05-03T14:50:36","slug":"chroma-by-etnia-barcelona","status":"publish","type":"post","link":"https:\/\/www.hansen-optic.ch\/de\/uncategorized\/chroma-by-etnia-barcelona\/","title":{"rendered":"CHROMA by Etnia Barcelona"},"content":{"rendered":"<div data-elementor-type=\"wp-post\" data-elementor-id=\"3190\" class=\"elementor elementor-3190\" data-elementor-post-type=\"post\">\n\t\t\t\t\t\t<section class=\"elementor-section elementor-top-section elementor-element elementor-element-4e9ee84f elementor-section-boxed elementor-section-height-default elementor-section-height-default\" data-id=\"4e9ee84f\" data-element_type=\"section\">\n\t\t\t\t\t\t<div class=\"elementor-container elementor-column-gap-default\">\n\t\t\t\t\t<div class=\"elementor-column elementor-col-100 elementor-top-column elementor-element elementor-element-c50d942\" data-id=\"c50d942\" data-element_type=\"column\">\n\t\t\t<div class=\"elementor-widget-wrap elementor-element-populated\">\n\t\t\t\t\t\t<div class=\"elementor-element elementor-element-2d365b9 elementor-widget elementor-widget-image\" data-id=\"2d365b9\" data-element_type=\"widget\" data-widget_type=\"image.default\">\n\t\t\t\t<div class=\"elementor-widget-container\">\n\t\t\t\t\t\t\t\t\t\t\t\t\t\t\t<img fetchpriority=\"high\" decoding=\"async\" width=\"800\" height=\"347\" src=\"https:\/\/www.hansen-optic.ch\/wp-content\/uploads\/2025\/01\/logo-chroma.png\" class=\"attachment-large size-large wp-image-3192\" alt=\"\" srcset=\"https:\/\/www.hansen-optic.ch\/wp-content\/uploads\/2025\/01\/logo-chroma.png 808w, https:\/\/www.hansen-optic.ch\/wp-content\/uploads\/2025\/01\/logo-chroma-300x130.png 300w, https:\/\/www.hansen-optic.ch\/wp-content\/uploads\/2025\/01\/logo-chroma-768x333.png 768w, https:\/\/www.hansen-optic.ch\/wp-content\/uploads\/2025\/01\/logo-chroma-18x8.png 18w\" sizes=\"(max-width: 800px) 100vw, 800px\" \/>\t\t\t\t\t\t\t\t\t\t\t\t\t\t\t<\/div>\n\t\t\t\t<\/div>\n\t\t\t\t\t<\/div>\n\t\t<\/div>\n\t\t\t\t\t<\/div>\n\t\t<\/section>\n\t\t\t\t<section class=\"elementor-section elementor-top-section elementor-element elementor-element-3e55d74 elementor-section-boxed elementor-section-height-default elementor-section-height-default\" data-id=\"3e55d74\" data-element_type=\"section\">\n\t\t\t\t\t\t<div class=\"elementor-container elementor-column-gap-default\">\n\t\t\t\t\t<div class=\"elementor-column elementor-col-50 elementor-top-column elementor-element elementor-element-3867dec\" data-id=\"3867dec\" data-element_type=\"column\">\n\t\t\t<div class=\"elementor-widget-wrap elementor-element-populated\">\n\t\t\t\t\t\t<div class=\"elementor-element elementor-element-440db8a elementor-widget elementor-widget-text-editor\" data-id=\"440db8a\" data-element_type=\"widget\" data-widget_type=\"text-editor.default\">\n\t\t\t\t<div class=\"elementor-widget-container\">\n\t\t\t\t\t\t\t\t\t<p>La collection\u00a0<strong>Chroma<\/strong>\u00a0par\u00a0<strong>Etnia Barcelona<\/strong>\u00a0red\u00e9finit les limites des formes et des couleurs dans l\u2019univers de l\u2019optique. Les lunettes se distinguent par des\u00a0<strong>formes g\u00e9om\u00e9triques audacieuses<\/strong>, o\u00f9 les volumes sont prononc\u00e9s, apportant une touche d\u2019originalit\u00e9 et de sophistication. Les mat\u00e9riaux utilis\u00e9s, comme les ac\u00e9tates opalescents, transparents ou solides, sont m\u00e9ticuleusement travaill\u00e9s pour cr\u00e9er des contrastes saisissants. Parmi les pi\u00e8ces phares, les\u00a0<strong>mod\u00e8les cat-eye<\/strong>\u00a0sont \u00e0 l\u2019honneur, symbolisant parfaitement l\u2019\u00e9quilibre entre f\u00e9minit\u00e9 et audace.<\/p>\t\t\t\t\t\t\t\t<\/div>\n\t\t\t\t<\/div>\n\t\t\t\t\t<\/div>\n\t\t<\/div>\n\t\t\t\t<div class=\"elementor-column elementor-col-50 elementor-top-column elementor-element elementor-element-81d0406\" data-id=\"81d0406\" data-element_type=\"column\">\n\t\t\t<div class=\"elementor-widget-wrap elementor-element-populated\">\n\t\t\t\t\t\t<div class=\"elementor-element elementor-element-100ed78 elementor-widget elementor-widget-image\" data-id=\"100ed78\" data-element_type=\"widget\" data-widget_type=\"image.default\">\n\t\t\t\t<div class=\"elementor-widget-container\">\n\t\t\t\t\t\t\t\t\t\t\t\t\t\t\t<img decoding=\"async\" width=\"800\" height=\"508\" src=\"https:\/\/www.hansen-optic.ch\/wp-content\/uploads\/2025\/01\/etnia-chroma-rouge-1024x650.png\" class=\"attachment-large size-large wp-image-3193\" alt=\"\" srcset=\"https:\/\/www.hansen-optic.ch\/wp-content\/uploads\/2025\/01\/etnia-chroma-rouge-1024x650.png 1024w, https:\/\/www.hansen-optic.ch\/wp-content\/uploads\/2025\/01\/etnia-chroma-rouge-300x190.png 300w, https:\/\/www.hansen-optic.ch\/wp-content\/uploads\/2025\/01\/etnia-chroma-rouge-768x487.png 768w, https:\/\/www.hansen-optic.ch\/wp-content\/uploads\/2025\/01\/etnia-chroma-rouge-1536x975.png 1536w, https:\/\/www.hansen-optic.ch\/wp-content\/uploads\/2025\/01\/etnia-chroma-rouge-18x12.png 18w, https:\/\/www.hansen-optic.ch\/wp-content\/uploads\/2025\/01\/etnia-chroma-rouge.png 1626w\" sizes=\"(max-width: 800px) 100vw, 800px\" \/>\t\t\t\t\t\t\t\t\t\t\t\t\t\t\t<\/div>\n\t\t\t\t<\/div>\n\t\t\t\t\t<\/div>\n\t\t<\/div>\n\t\t\t\t\t<\/div>\n\t\t<\/section>\n\t\t\t\t<section class=\"elementor-section elementor-top-section elementor-element elementor-element-a5b2caa elementor-section-boxed elementor-section-height-default elementor-section-height-default\" data-id=\"a5b2caa\" data-element_type=\"section\">\n\t\t\t\t\t\t<div class=\"elementor-container elementor-column-gap-default\">\n\t\t\t\t\t<div class=\"elementor-column elementor-col-33 elementor-top-column elementor-element elementor-element-7b51e3d\" data-id=\"7b51e3d\" data-element_type=\"column\">\n\t\t\t<div class=\"elementor-widget-wrap elementor-element-populated\">\n\t\t\t\t\t\t<div class=\"elementor-element elementor-element-ee0de31 elementor-widget elementor-widget-image\" data-id=\"ee0de31\" data-element_type=\"widget\" data-widget_type=\"image.default\">\n\t\t\t\t<div class=\"elementor-widget-container\">\n\t\t\t\t\t\t\t\t\t\t\t\t\t\t\t<img decoding=\"async\" width=\"800\" height=\"475\" src=\"https:\/\/www.hansen-optic.ch\/wp-content\/uploads\/2025\/01\/etnia-chroma-1024x608.png\" class=\"attachment-large size-large wp-image-3196\" alt=\"\" srcset=\"https:\/\/www.hansen-optic.ch\/wp-content\/uploads\/2025\/01\/etnia-chroma-1024x608.png 1024w, https:\/\/www.hansen-optic.ch\/wp-content\/uploads\/2025\/01\/etnia-chroma-300x178.png 300w, https:\/\/www.hansen-optic.ch\/wp-content\/uploads\/2025\/01\/etnia-chroma-768x456.png 768w, https:\/\/www.hansen-optic.ch\/wp-content\/uploads\/2025\/01\/etnia-chroma-1536x911.png 1536w, https:\/\/www.hansen-optic.ch\/wp-content\/uploads\/2025\/01\/etnia-chroma-18x12.png 18w, https:\/\/www.hansen-optic.ch\/wp-content\/uploads\/2025\/01\/etnia-chroma.png 1972w\" sizes=\"(max-width: 800px) 100vw, 800px\" \/>\t\t\t\t\t\t\t\t\t\t\t\t\t\t\t<\/div>\n\t\t\t\t<\/div>\n\t\t\t\t\t<\/div>\n\t\t<\/div>\n\t\t\t\t<div class=\"elementor-column elementor-col-33 elementor-top-column elementor-element elementor-element-fd43ed6\" data-id=\"fd43ed6\" data-element_type=\"column\">\n\t\t\t<div class=\"elementor-widget-wrap elementor-element-populated\">\n\t\t\t\t\t\t<div class=\"elementor-element elementor-element-889ad1d elementor-widget elementor-widget-text-editor\" data-id=\"889ad1d\" data-element_type=\"widget\" data-widget_type=\"text-editor.default\">\n\t\t\t\t<div class=\"elementor-widget-container\">\n\t\t\t\t\t\t\t\t\t<p>Chroma est bien plus qu&rsquo;une collection, c&rsquo;est une invitation \u00e0 explorer et \u00e0 vivre la couleur d&rsquo;une mani\u00e8re totalement nouvelle.<\/p>\t\t\t\t\t\t\t\t<\/div>\n\t\t\t\t<\/div>\n\t\t\t\t\t<\/div>\n\t\t<\/div>\n\t\t\t\t<div class=\"elementor-column elementor-col-33 elementor-top-column elementor-element elementor-element-02eace2\" data-id=\"02eace2\" data-element_type=\"column\">\n\t\t\t<div class=\"elementor-widget-wrap elementor-element-populated\">\n\t\t\t\t\t\t<div class=\"elementor-element elementor-element-4ca0ef8 elementor-widget elementor-widget-image\" data-id=\"4ca0ef8\" data-element_type=\"widget\" data-widget_type=\"image.default\">\n\t\t\t\t<div class=\"elementor-widget-container\">\n\t\t\t\t\t\t\t\t\t\t\t\t\t\t\t<img loading=\"lazy\" decoding=\"async\" width=\"800\" height=\"423\" src=\"https:\/\/www.hansen-optic.ch\/wp-content\/uploads\/2025\/01\/etnia-chroma-turquoiserouge-1024x542.png\" class=\"attachment-large size-large wp-image-3188\" alt=\"\" srcset=\"https:\/\/www.hansen-optic.ch\/wp-content\/uploads\/2025\/01\/etnia-chroma-turquoiserouge-1024x542.png 1024w, https:\/\/www.hansen-optic.ch\/wp-content\/uploads\/2025\/01\/etnia-chroma-turquoiserouge-300x159.png 300w, https:\/\/www.hansen-optic.ch\/wp-content\/uploads\/2025\/01\/etnia-chroma-turquoiserouge-768x407.png 768w, https:\/\/www.hansen-optic.ch\/wp-content\/uploads\/2025\/01\/etnia-chroma-turquoiserouge-1536x814.png 1536w, https:\/\/www.hansen-optic.ch\/wp-content\/uploads\/2025\/01\/etnia-chroma-turquoiserouge-18x10.png 18w, https:\/\/www.hansen-optic.ch\/wp-content\/uploads\/2025\/01\/etnia-chroma-turquoiserouge.png 2016w\" sizes=\"(max-width: 800px) 100vw, 800px\" \/>\t\t\t\t\t\t\t\t\t\t\t\t\t\t\t<\/div>\n\t\t\t\t<\/div>\n\t\t\t\t\t<\/div>\n\t\t<\/div>\n\t\t\t\t\t<\/div>\n\t\t<\/section>\n\t\t\t\t<\/div>","protected":false},"excerpt":{"rendered":"<p>La collection\u00a0Chroma\u00a0par\u00a0Etnia Barcelona\u00a0red\u00e9finit les limites des formes et des couleurs dans l\u2019univers de l\u2019optique. Les lunettes se distinguent par des\u00a0formes g\u00e9om\u00e9triques audacieuses, o\u00f9 les volumes sont prononc\u00e9s, apportant une touche d\u2019originalit\u00e9 et de sophistication. Les mat\u00e9riaux utilis\u00e9s, comme les ac\u00e9tates opalescents, transparents ou solides, sont m\u00e9ticuleusement travaill\u00e9s pour cr\u00e9er des contrastes saisissants. Parmi les pi\u00e8ces [&hellip;]<\/p>","protected":false},"author":1,"featured_media":3193,"comment_status":"closed","ping_status":"closed","sticky":false,"template":"","format":"standard","meta":{"footnotes":""},"categories":[1],"tags":[],"class_list":["post-3190","post","type-post","status-publish","format-standard","has-post-thumbnail","hentry","category-uncategorized"],"yoast_head":"<!-- This site is optimized with the Yoast SEO plugin v25.8 - https:\/\/yoast.com\/wordpress\/plugins\/seo\/ -->\r\n<title>CHROMA by Etnia Barcelona &#8226; Hansen-Optique SA<\/title>\r\n<meta name=\"robots\" content=\"index, follow, max-snippet:-1, max-image-preview:large, max-video-preview:-1\" \/>\r\n<link rel=\"canonical\" href=\"https:\/\/www.hansen-optic.ch\/de\/uncategorized\/chroma-by-etnia-barcelona\/\" \/>\r\n<meta property=\"og:locale\" content=\"de_DE\" \/>\r\n<meta property=\"og:type\" content=\"article\" \/>\r\n<meta property=\"og:title\" content=\"CHROMA by Etnia Barcelona &#8226; Hansen-Optique SA\" \/>\r\n<meta property=\"og:description\" content=\"La collection\u00a0Chroma\u00a0par\u00a0Etnia Barcelona\u00a0red\u00e9finit les limites des formes et des couleurs dans l\u2019univers de l\u2019optique. Les lunettes se distinguent par des\u00a0formes g\u00e9om\u00e9triques audacieuses, o\u00f9 les volumes sont prononc\u00e9s, apportant une touche d\u2019originalit\u00e9 et de sophistication. Les mat\u00e9riaux utilis\u00e9s, comme les ac\u00e9tates opalescents, transparents ou solides, sont m\u00e9ticuleusement travaill\u00e9s pour cr\u00e9er des contrastes saisissants. Parmi les pi\u00e8ces [&hellip;]\" \/>\r\n<meta property=\"og:url\" content=\"https:\/\/www.hansen-optic.ch\/de\/uncategorized\/chroma-by-etnia-barcelona\/\" \/>\r\n<meta property=\"og:site_name\" content=\"Hansen-Optique SA\" \/>\r\n<meta property=\"article:publisher\" content=\"https:\/\/www.facebook.com\/HansenOptiqueSierre\/\" \/>\r\n<meta property=\"article:published_time\" content=\"2025-01-30T17:16:40+00:00\" \/>\r\n<meta property=\"article:modified_time\" content=\"2025-05-03T14:50:36+00:00\" \/>\r\n<meta property=\"og:image\" content=\"https:\/\/www.hansen-optic.ch\/wp-content\/uploads\/2025\/01\/etnia-chroma-rouge.png\" \/>\r\n\t<meta property=\"og:image:width\" content=\"1626\" \/>\r\n\t<meta property=\"og:image:height\" content=\"1032\" \/>\r\n\t<meta property=\"og:image:type\" content=\"image\/png\" \/>\r\n<meta name=\"author\" content=\"admin\" \/>\r\n<meta name=\"twitter:card\" content=\"summary_large_image\" \/>\r\n<meta name=\"twitter:label1\" content=\"Verfasst von\" \/>\n\t<meta name=\"twitter:data1\" content=\"admin\" \/>\n\t<meta name=\"twitter:label2\" content=\"Gesch\u00e4tzte Lesezeit\" \/>\n\t<meta name=\"twitter:data2\" content=\"2\u00a0Minuten\" \/>\r\n<script type=\"application\/ld+json\" class=\"yoast-schema-graph\">{\"@context\":\"https:\/\/schema.org\",\"@graph\":[{\"@type\":\"Article\",\"@id\":\"https:\/\/www.hansen-optic.ch\/uncategorized\/chroma-by-etnia-barcelona\/#article\",\"isPartOf\":{\"@id\":\"https:\/\/www.hansen-optic.ch\/uncategorized\/chroma-by-etnia-barcelona\/\"},\"author\":{\"name\":\"admin\",\"@id\":\"https:\/\/www.hansen-optic.ch\/#\/schema\/person\/fd6708d4c6466fbdccbb93bd14b69522\"},\"headline\":\"CHROMA by Etnia Barcelona\",\"datePublished\":\"2025-01-30T17:16:40+00:00\",\"dateModified\":\"2025-05-03T14:50:36+00:00\",\"mainEntityOfPage\":{\"@id\":\"https:\/\/www.hansen-optic.ch\/uncategorized\/chroma-by-etnia-barcelona\/\"},\"wordCount\":117,\"publisher\":{\"@id\":\"https:\/\/www.hansen-optic.ch\/#organization\"},\"image\":{\"@id\":\"https:\/\/www.hansen-optic.ch\/uncategorized\/chroma-by-etnia-barcelona\/#primaryimage\"},\"thumbnailUrl\":\"https:\/\/www.hansen-optic.ch\/wp-content\/uploads\/2025\/01\/etnia-chroma-rouge.png\",\"articleSection\":[\"Uncategorized\"],\"inLanguage\":\"de\"},{\"@type\":\"WebPage\",\"@id\":\"https:\/\/www.hansen-optic.ch\/uncategorized\/chroma-by-etnia-barcelona\/\",\"url\":\"https:\/\/www.hansen-optic.ch\/uncategorized\/chroma-by-etnia-barcelona\/\",\"name\":\"CHROMA by Etnia Barcelona &#8226; Hansen-Optique SA\",\"isPartOf\":{\"@id\":\"https:\/\/www.hansen-optic.ch\/#website\"},\"primaryImageOfPage\":{\"@id\":\"https:\/\/www.hansen-optic.ch\/uncategorized\/chroma-by-etnia-barcelona\/#primaryimage\"},\"image\":{\"@id\":\"https:\/\/www.hansen-optic.ch\/uncategorized\/chroma-by-etnia-barcelona\/#primaryimage\"},\"thumbnailUrl\":\"https:\/\/www.hansen-optic.ch\/wp-content\/uploads\/2025\/01\/etnia-chroma-rouge.png\",\"datePublished\":\"2025-01-30T17:16:40+00:00\",\"dateModified\":\"2025-05-03T14:50:36+00:00\",\"breadcrumb\":{\"@id\":\"https:\/\/www.hansen-optic.ch\/uncategorized\/chroma-by-etnia-barcelona\/#breadcrumb\"},\"inLanguage\":\"de\",\"potentialAction\":[{\"@type\":\"ReadAction\",\"target\":[\"https:\/\/www.hansen-optic.ch\/uncategorized\/chroma-by-etnia-barcelona\/\"]}]},{\"@type\":\"ImageObject\",\"inLanguage\":\"de\",\"@id\":\"https:\/\/www.hansen-optic.ch\/uncategorized\/chroma-by-etnia-barcelona\/#primaryimage\",\"url\":\"https:\/\/www.hansen-optic.ch\/wp-content\/uploads\/2025\/01\/etnia-chroma-rouge.png\",\"contentUrl\":\"https:\/\/www.hansen-optic.ch\/wp-content\/uploads\/2025\/01\/etnia-chroma-rouge.png\",\"width\":1626,\"height\":1032},{\"@type\":\"BreadcrumbList\",\"@id\":\"https:\/\/www.hansen-optic.ch\/uncategorized\/chroma-by-etnia-barcelona\/#breadcrumb\",\"itemListElement\":[{\"@type\":\"ListItem\",\"position\":1,\"name\":\"Home\",\"item\":\"https:\/\/www.hansen-optic.ch\/\"},{\"@type\":\"ListItem\",\"position\":2,\"name\":\"CHROMA by Etnia Barcelona\"}]},{\"@type\":\"WebSite\",\"@id\":\"https:\/\/www.hansen-optic.ch\/#website\",\"url\":\"https:\/\/www.hansen-optic.ch\/\",\"name\":\"Hansen-Optique SA\",\"description\":\"Qualit\u00e9 | Pr\u00e9cision | Proximit\u00e9 - Voyez mieux, vivez mieux!\",\"publisher\":{\"@id\":\"https:\/\/www.hansen-optic.ch\/#organization\"},\"potentialAction\":[{\"@type\":\"SearchAction\",\"target\":{\"@type\":\"EntryPoint\",\"urlTemplate\":\"https:\/\/www.hansen-optic.ch\/?s={search_term_string}\"},\"query-input\":{\"@type\":\"PropertyValueSpecification\",\"valueRequired\":true,\"valueName\":\"search_term_string\"}}],\"inLanguage\":\"de\"},{\"@type\":\"Organization\",\"@id\":\"https:\/\/www.hansen-optic.ch\/#organization\",\"name\":\"Hansen Optique SA\",\"url\":\"https:\/\/www.hansen-optic.ch\/\",\"logo\":{\"@type\":\"ImageObject\",\"inLanguage\":\"de\",\"@id\":\"https:\/\/www.hansen-optic.ch\/#\/schema\/logo\/image\/\",\"url\":\"https:\/\/www.hansen-optic.ch\/wp-content\/uploads\/2025\/06\/Hansen_optique-lunetterie-sierre.png\",\"contentUrl\":\"https:\/\/www.hansen-optic.ch\/wp-content\/uploads\/2025\/06\/Hansen_optique-lunetterie-sierre.png\",\"width\":1082,\"height\":258,\"caption\":\"Hansen Optique SA\"},\"image\":{\"@id\":\"https:\/\/www.hansen-optic.ch\/#\/schema\/logo\/image\/\"},\"sameAs\":[\"https:\/\/www.facebook.com\/HansenOptiqueSierre\/\",\"https:\/\/www.instagram.com\/hansen_optique_sa\/\"]},{\"@type\":\"Person\",\"@id\":\"https:\/\/www.hansen-optic.ch\/#\/schema\/person\/fd6708d4c6466fbdccbb93bd14b69522\",\"name\":\"admin\",\"image\":{\"@type\":\"ImageObject\",\"inLanguage\":\"de\",\"@id\":\"https:\/\/www.hansen-optic.ch\/#\/schema\/person\/image\/\",\"url\":\"https:\/\/secure.gravatar.com\/avatar\/954f05d308ef9edab2a00891c03ea7134632d97137acfa846d45f5d3c8aa02f0?s=96&d=mm&r=g\",\"contentUrl\":\"https:\/\/secure.gravatar.com\/avatar\/954f05d308ef9edab2a00891c03ea7134632d97137acfa846d45f5d3c8aa02f0?s=96&d=mm&r=g\",\"caption\":\"admin\"}}]}<\/script>\r\n<!-- \/ Yoast SEO plugin. -->","yoast_head_json":{"title":"CHROMA by Etnia Barcelona &#8226; Hansen-Optique SA","robots":{"index":"index","follow":"follow","max-snippet":"max-snippet:-1","max-image-preview":"max-image-preview:large","max-video-preview":"max-video-preview:-1"},"canonical":"https:\/\/www.hansen-optic.ch\/de\/uncategorized\/chroma-by-etnia-barcelona\/","og_locale":"de_DE","og_type":"article","og_title":"CHROMA by Etnia Barcelona &#8226; Hansen-Optique SA","og_description":"La collection\u00a0Chroma\u00a0par\u00a0Etnia Barcelona\u00a0red\u00e9finit les limites des formes et des couleurs dans l\u2019univers de l\u2019optique. Les lunettes se distinguent par des\u00a0formes g\u00e9om\u00e9triques audacieuses, o\u00f9 les volumes sont prononc\u00e9s, apportant une touche d\u2019originalit\u00e9 et de sophistication. Les mat\u00e9riaux utilis\u00e9s, comme les ac\u00e9tates opalescents, transparents ou solides, sont m\u00e9ticuleusement travaill\u00e9s pour cr\u00e9er des contrastes saisissants. Parmi les pi\u00e8ces [&hellip;]","og_url":"https:\/\/www.hansen-optic.ch\/de\/uncategorized\/chroma-by-etnia-barcelona\/","og_site_name":"Hansen-Optique SA","article_publisher":"https:\/\/www.facebook.com\/HansenOptiqueSierre\/","article_published_time":"2025-01-30T17:16:40+00:00","article_modified_time":"2025-05-03T14:50:36+00:00","og_image":[{"width":1626,"height":1032,"url":"https:\/\/www.hansen-optic.ch\/wp-content\/uploads\/2025\/01\/etnia-chroma-rouge.png","type":"image\/png"}],"author":"admin","twitter_card":"summary_large_image","twitter_misc":{"Verfasst von":"admin","Gesch\u00e4tzte Lesezeit":"2\u00a0Minuten"},"schema":{"@context":"https:\/\/schema.org","@graph":[{"@type":"Article","@id":"https:\/\/www.hansen-optic.ch\/uncategorized\/chroma-by-etnia-barcelona\/#article","isPartOf":{"@id":"https:\/\/www.hansen-optic.ch\/uncategorized\/chroma-by-etnia-barcelona\/"},"author":{"name":"admin","@id":"https:\/\/www.hansen-optic.ch\/#\/schema\/person\/fd6708d4c6466fbdccbb93bd14b69522"},"headline":"CHROMA by Etnia Barcelona","datePublished":"2025-01-30T17:16:40+00:00","dateModified":"2025-05-03T14:50:36+00:00","mainEntityOfPage":{"@id":"https:\/\/www.hansen-optic.ch\/uncategorized\/chroma-by-etnia-barcelona\/"},"wordCount":117,"publisher":{"@id":"https:\/\/www.hansen-optic.ch\/#organization"},"image":{"@id":"https:\/\/www.hansen-optic.ch\/uncategorized\/chroma-by-etnia-barcelona\/#primaryimage"},"thumbnailUrl":"https:\/\/www.hansen-optic.ch\/wp-content\/uploads\/2025\/01\/etnia-chroma-rouge.png","articleSection":["Uncategorized"],"inLanguage":"de"},{"@type":"WebPage","@id":"https:\/\/www.hansen-optic.ch\/uncategorized\/chroma-by-etnia-barcelona\/","url":"https:\/\/www.hansen-optic.ch\/uncategorized\/chroma-by-etnia-barcelona\/","name":"CHROMA by Etnia Barcelona &#8226; Hansen-Optique SA","isPartOf":{"@id":"https:\/\/www.hansen-optic.ch\/#website"},"primaryImageOfPage":{"@id":"https:\/\/www.hansen-optic.ch\/uncategorized\/chroma-by-etnia-barcelona\/#primaryimage"},"image":{"@id":"https:\/\/www.hansen-optic.ch\/uncategorized\/chroma-by-etnia-barcelona\/#primaryimage"},"thumbnailUrl":"https:\/\/www.hansen-optic.ch\/wp-content\/uploads\/2025\/01\/etnia-chroma-rouge.png","datePublished":"2025-01-30T17:16:40+00:00","dateModified":"2025-05-03T14:50:36+00:00","breadcrumb":{"@id":"https:\/\/www.hansen-optic.ch\/uncategorized\/chroma-by-etnia-barcelona\/#breadcrumb"},"inLanguage":"de","potentialAction":[{"@type":"ReadAction","target":["https:\/\/www.hansen-optic.ch\/uncategorized\/chroma-by-etnia-barcelona\/"]}]},{"@type":"ImageObject","inLanguage":"de","@id":"https:\/\/www.hansen-optic.ch\/uncategorized\/chroma-by-etnia-barcelona\/#primaryimage","url":"https:\/\/www.hansen-optic.ch\/wp-content\/uploads\/2025\/01\/etnia-chroma-rouge.png","contentUrl":"https:\/\/www.hansen-optic.ch\/wp-content\/uploads\/2025\/01\/etnia-chroma-rouge.png","width":1626,"height":1032},{"@type":"BreadcrumbList","@id":"https:\/\/www.hansen-optic.ch\/uncategorized\/chroma-by-etnia-barcelona\/#breadcrumb","itemListElement":[{"@type":"ListItem","position":1,"name":"Home","item":"https:\/\/www.hansen-optic.ch\/"},{"@type":"ListItem","position":2,"name":"CHROMA by Etnia Barcelona"}]},{"@type":"WebSite","@id":"https:\/\/www.hansen-optic.ch\/#website","url":"https:\/\/www.hansen-optic.ch\/","name":"Hansen-Optique SA","description":"Qualit\u00e9 | Pr\u00e9cision | Proximit\u00e9 - Voyez mieux, vivez mieux!","publisher":{"@id":"https:\/\/www.hansen-optic.ch\/#organization"},"potentialAction":[{"@type":"SearchAction","target":{"@type":"EntryPoint","urlTemplate":"https:\/\/www.hansen-optic.ch\/?s={search_term_string}"},"query-input":{"@type":"PropertyValueSpecification","valueRequired":true,"valueName":"search_term_string"}}],"inLanguage":"de"},{"@type":"Organization","@id":"https:\/\/www.hansen-optic.ch\/#organization","name":"Hansen Optique SA","url":"https:\/\/www.hansen-optic.ch\/","logo":{"@type":"ImageObject","inLanguage":"de","@id":"https:\/\/www.hansen-optic.ch\/#\/schema\/logo\/image\/","url":"https:\/\/www.hansen-optic.ch\/wp-content\/uploads\/2025\/06\/Hansen_optique-lunetterie-sierre.png","contentUrl":"https:\/\/www.hansen-optic.ch\/wp-content\/uploads\/2025\/06\/Hansen_optique-lunetterie-sierre.png","width":1082,"height":258,"caption":"Hansen Optique SA"},"image":{"@id":"https:\/\/www.hansen-optic.ch\/#\/schema\/logo\/image\/"},"sameAs":["https:\/\/www.facebook.com\/HansenOptiqueSierre\/","https:\/\/www.instagram.com\/hansen_optique_sa\/"]},{"@type":"Person","@id":"https:\/\/www.hansen-optic.ch\/#\/schema\/person\/fd6708d4c6466fbdccbb93bd14b69522","name":"admin","image":{"@type":"ImageObject","inLanguage":"de","@id":"https:\/\/www.hansen-optic.ch\/#\/schema\/person\/image\/","url":"https:\/\/secure.gravatar.com\/avatar\/954f05d308ef9edab2a00891c03ea7134632d97137acfa846d45f5d3c8aa02f0?s=96&d=mm&r=g","contentUrl":"https:\/\/secure.gravatar.com\/avatar\/954f05d308ef9edab2a00891c03ea7134632d97137acfa846d45f5d3c8aa02f0?s=96&d=mm&r=g","caption":"admin"}}]}},"_links":{"self":[{"href":"https:\/\/www.hansen-optic.ch\/de\/wp-json\/wp\/v2\/posts\/3190","targetHints":{"allow":["GET"]}}],"collection":[{"href":"https:\/\/www.hansen-optic.ch\/de\/wp-json\/wp\/v2\/posts"}],"about":[{"href":"https:\/\/www.hansen-optic.ch\/de\/wp-json\/wp\/v2\/types\/post"}],"author":[{"embeddable":true,"href":"https:\/\/www.hansen-optic.ch\/de\/wp-json\/wp\/v2\/users\/1"}],"replies":[{"embeddable":true,"href":"https:\/\/www.hansen-optic.ch\/de\/wp-json\/wp\/v2\/comments?post=3190"}],"version-history":[{"count":3,"href":"https:\/\/www.hansen-optic.ch\/de\/wp-json\/wp\/v2\/posts\/3190\/revisions"}],"predecessor-version":[{"id":3197,"href":"https:\/\/www.hansen-optic.ch\/de\/wp-json\/wp\/v2\/posts\/3190\/revisions\/3197"}],"wp:featuredmedia":[{"embeddable":true,"href":"https:\/\/www.hansen-optic.ch\/de\/wp-json\/wp\/v2\/media\/3193"}],"wp:attachment":[{"href":"https:\/\/www.hansen-optic.ch\/de\/wp-json\/wp\/v2\/media?parent=3190"}],"wp:term":[{"taxonomy":"category","embeddable":true,"href":"https:\/\/www.hansen-optic.ch\/de\/wp-json\/wp\/v2\/categories?post=3190"},{"taxonomy":"post_tag","embeddable":true,"href":"https:\/\/www.hansen-optic.ch\/de\/wp-json\/wp\/v2\/tags?post=3190"}],"curies":[{"name":"wp","href":"https:\/\/api.w.org\/{rel}","templated":true}]}}