{"id":3346,"date":"2025-06-14T13:29:41","date_gmt":"2025-06-14T13:29:41","guid":{"rendered":"https:\/\/www.hansen-optic.ch\/?p=3346"},"modified":"2025-06-14T13:37:33","modified_gmt":"2025-06-14T13:37:33","slug":"morel","status":"publish","type":"post","link":"https:\/\/www.hansen-optic.ch\/de\/uncategorized\/morel\/","title":{"rendered":"Morel"},"content":{"rendered":"<div data-elementor-type=\"wp-post\" data-elementor-id=\"3346\" class=\"elementor elementor-3346\" data-elementor-post-type=\"post\">\n\t\t\t\t\t\t<section class=\"elementor-section elementor-top-section elementor-element elementor-element-8bca231 elementor-section-boxed elementor-section-height-default elementor-section-height-default\" data-id=\"8bca231\" data-element_type=\"section\">\n\t\t\t\t\t\t<div class=\"elementor-container elementor-column-gap-default\">\n\t\t\t\t\t<div class=\"elementor-column elementor-col-33 elementor-top-column elementor-element elementor-element-18d707a\" data-id=\"18d707a\" data-element_type=\"column\">\n\t\t\t<div class=\"elementor-widget-wrap elementor-element-populated\">\n\t\t\t\t\t\t<div class=\"elementor-element elementor-element-083103f elementor-widget elementor-widget-image\" data-id=\"083103f\" data-element_type=\"widget\" data-widget_type=\"image.default\">\n\t\t\t\t<div class=\"elementor-widget-container\">\n\t\t\t\t\t\t\t\t\t\t\t\t\t\t\t<img fetchpriority=\"high\" decoding=\"async\" width=\"800\" height=\"798\" src=\"https:\/\/www.hansen-optic.ch\/wp-content\/uploads\/2025\/06\/morel-monture-1024x1022.png\" class=\"attachment-large size-large wp-image-3336\" alt=\"\" srcset=\"https:\/\/www.hansen-optic.ch\/wp-content\/uploads\/2025\/06\/morel-monture-1024x1022.png 1024w, https:\/\/www.hansen-optic.ch\/wp-content\/uploads\/2025\/06\/morel-monture-300x300.png 300w, https:\/\/www.hansen-optic.ch\/wp-content\/uploads\/2025\/06\/morel-monture-150x150.png 150w, https:\/\/www.hansen-optic.ch\/wp-content\/uploads\/2025\/06\/morel-monture-768x767.png 768w, https:\/\/www.hansen-optic.ch\/wp-content\/uploads\/2025\/06\/morel-monture-12x12.png 12w, https:\/\/www.hansen-optic.ch\/wp-content\/uploads\/2025\/06\/morel-monture.png 1162w\" sizes=\"(max-width: 800px) 100vw, 800px\" \/>\t\t\t\t\t\t\t\t\t\t\t\t\t\t\t<\/div>\n\t\t\t\t<\/div>\n\t\t\t\t\t<\/div>\n\t\t<\/div>\n\t\t\t\t<div class=\"elementor-column elementor-col-33 elementor-top-column elementor-element elementor-element-377ccf5\" data-id=\"377ccf5\" data-element_type=\"column\">\n\t\t\t<div class=\"elementor-widget-wrap elementor-element-populated\">\n\t\t\t\t\t\t<div class=\"elementor-element elementor-element-6c1812b elementor-widget elementor-widget-text-editor\" data-id=\"6c1812b\" data-element_type=\"widget\" data-widget_type=\"text-editor.default\">\n\t\t\t\t<div class=\"elementor-widget-container\">\n\t\t\t\t\t\t\t\t\t<p>Pour <strong>vivre <\/strong>en <strong>harmonie <\/strong>avec la <strong>nature<\/strong>, les habitants du Jura ont d\u00e9velopp\u00e9 <strong>un double savoir-faire, <\/strong>qu\u2019ils exer\u00e7aient en fonction des saisons. Agriculteurs durant les beaux jours, ils travaillaient les m\u00e9taux pour fabriquer des montures d\u00e8s les premi\u00e8res neiges&#8230;<strong>C\u2019est ainsi que l\u2019anc\u00eatre des premi\u00e8res lunettes est n\u00e9 : le pince-nez<\/strong><\/p>\t\t\t\t\t\t\t\t<\/div>\n\t\t\t\t<\/div>\n\t\t\t\t\t<\/div>\n\t\t<\/div>\n\t\t\t\t<div class=\"elementor-column elementor-col-33 elementor-top-column elementor-element elementor-element-9b05bb9\" data-id=\"9b05bb9\" data-element_type=\"column\">\n\t\t\t<div class=\"elementor-widget-wrap elementor-element-populated\">\n\t\t\t\t\t\t<div class=\"elementor-element elementor-element-0c37204 elementor-widget elementor-widget-image\" data-id=\"0c37204\" data-element_type=\"widget\" data-widget_type=\"image.default\">\n\t\t\t\t<div class=\"elementor-widget-container\">\n\t\t\t\t\t\t\t\t\t\t\t\t\t\t\t<img decoding=\"async\" width=\"746\" height=\"908\" src=\"https:\/\/www.hansen-optic.ch\/wp-content\/uploads\/2025\/06\/morel2.png\" class=\"attachment-large size-large wp-image-3339\" alt=\"\" srcset=\"https:\/\/www.hansen-optic.ch\/wp-content\/uploads\/2025\/06\/morel2.png 746w, https:\/\/www.hansen-optic.ch\/wp-content\/uploads\/2025\/06\/morel2-246x300.png 246w, https:\/\/www.hansen-optic.ch\/wp-content\/uploads\/2025\/06\/morel2-10x12.png 10w\" sizes=\"(max-width: 746px) 100vw, 746px\" \/>\t\t\t\t\t\t\t\t\t\t\t\t\t\t\t<\/div>\n\t\t\t\t<\/div>\n\t\t\t\t\t<\/div>\n\t\t<\/div>\n\t\t\t\t\t<\/div>\n\t\t<\/section>\n\t\t\t\t<section class=\"elementor-section elementor-top-section elementor-element elementor-element-c9b6baa elementor-section-boxed elementor-section-height-default elementor-section-height-default\" data-id=\"c9b6baa\" data-element_type=\"section\">\n\t\t\t\t\t\t<div class=\"elementor-container elementor-column-gap-default\">\n\t\t\t\t\t<div class=\"elementor-column elementor-col-50 elementor-top-column elementor-element elementor-element-98c083b\" data-id=\"98c083b\" data-element_type=\"column\">\n\t\t\t<div class=\"elementor-widget-wrap elementor-element-populated\">\n\t\t\t\t\t\t<div class=\"elementor-element elementor-element-41677c6 elementor-widget elementor-widget-text-editor\" data-id=\"41677c6\" data-element_type=\"widget\" data-widget_type=\"text-editor.default\">\n\t\t\t\t<div class=\"elementor-widget-container\">\n\t\t\t\t\t\t\t\t\t<div class=\"image-with-text__text-content content-right\"><div class=\"image-with-text__text\"><p>Pr\u00e9curseur, Jules Morel fut l\u2019un des premiers \u00e0 se mettre \u00e0 son compte, \u00e0 seulement 25 ans, pour monter ce qui sera sa future entreprise familiale. Modeste et honn\u00eate, il s\u2019attache \u00e0 produire des lunettes de qualit\u00e9 par go\u00fbt du travail bien fait. Fier de son h\u00e9ritage patrimonial, il partagea son temps entre son amour de la terre et sa passion pour la lunetterie toute sa vie. Depuis 1880, la Maison MOREL perp\u00e9tue la tradition familiale&#8230;\u00a0<\/p><p>Anim\u00e9e par une m\u00eame passion entrepreneuriale et plus que jamais, par le respect de l\u2019environnement, la Maison MOREL bas\u00e9e au c\u0153ur du Parc Naturel du Haut-Jura consacre son savoir-faire \u00e0 la cr\u00e9ation et la commercialisation de lunettes iconiques autour du monde.<\/p><\/div><\/div>\t\t\t\t\t\t\t\t<\/div>\n\t\t\t\t<\/div>\n\t\t\t\t\t<\/div>\n\t\t<\/div>\n\t\t\t\t<div class=\"elementor-column elementor-col-50 elementor-top-column elementor-element elementor-element-6b92ea0\" data-id=\"6b92ea0\" data-element_type=\"column\">\n\t\t\t<div class=\"elementor-widget-wrap elementor-element-populated\">\n\t\t\t\t\t\t<div class=\"elementor-element elementor-element-0953e38 elementor-widget elementor-widget-image\" data-id=\"0953e38\" data-element_type=\"widget\" data-widget_type=\"image.default\">\n\t\t\t\t<div class=\"elementor-widget-container\">\n\t\t\t\t\t\t\t\t\t\t\t\t\t\t\t<img decoding=\"async\" width=\"800\" height=\"736\" src=\"https:\/\/www.hansen-optic.ch\/wp-content\/uploads\/2025\/06\/morel-bois-1024x942.png\" class=\"attachment-large size-large wp-image-3334\" alt=\"\" srcset=\"https:\/\/www.hansen-optic.ch\/wp-content\/uploads\/2025\/06\/morel-bois-1024x942.png 1024w, https:\/\/www.hansen-optic.ch\/wp-content\/uploads\/2025\/06\/morel-bois-300x276.png 300w, https:\/\/www.hansen-optic.ch\/wp-content\/uploads\/2025\/06\/morel-bois-768x707.png 768w, https:\/\/www.hansen-optic.ch\/wp-content\/uploads\/2025\/06\/morel-bois-13x12.png 13w, https:\/\/www.hansen-optic.ch\/wp-content\/uploads\/2025\/06\/morel-bois.png 1152w\" sizes=\"(max-width: 800px) 100vw, 800px\" \/>\t\t\t\t\t\t\t\t\t\t\t\t\t\t\t<\/div>\n\t\t\t\t<\/div>\n\t\t\t\t\t<\/div>\n\t\t<\/div>\n\t\t\t\t\t<\/div>\n\t\t<\/section>\n\t\t\t\t<section class=\"elementor-section elementor-top-section elementor-element elementor-element-8dc587a elementor-section-boxed elementor-section-height-default elementor-section-height-default\" data-id=\"8dc587a\" data-element_type=\"section\">\n\t\t\t\t\t\t<div class=\"elementor-container elementor-column-gap-default\">\n\t\t\t\t\t<div class=\"elementor-column elementor-col-50 elementor-top-column elementor-element elementor-element-66f5f80\" data-id=\"66f5f80\" data-element_type=\"column\">\n\t\t\t<div class=\"elementor-widget-wrap elementor-element-populated\">\n\t\t\t\t\t\t<div class=\"elementor-element elementor-element-467ff0a elementor-widget elementor-widget-image\" data-id=\"467ff0a\" data-element_type=\"widget\" data-widget_type=\"image.default\">\n\t\t\t\t<div class=\"elementor-widget-container\">\n\t\t\t\t\t\t\t\t\t\t\t\t\t\t\t<img loading=\"lazy\" decoding=\"async\" width=\"800\" height=\"687\" src=\"https:\/\/www.hansen-optic.ch\/wp-content\/uploads\/2025\/06\/morel-monture2-1024x879.png\" class=\"attachment-large size-large wp-image-3337\" alt=\"\" srcset=\"https:\/\/www.hansen-optic.ch\/wp-content\/uploads\/2025\/06\/morel-monture2-1024x879.png 1024w, https:\/\/www.hansen-optic.ch\/wp-content\/uploads\/2025\/06\/morel-monture2-300x258.png 300w, https:\/\/www.hansen-optic.ch\/wp-content\/uploads\/2025\/06\/morel-monture2-768x659.png 768w, https:\/\/www.hansen-optic.ch\/wp-content\/uploads\/2025\/06\/morel-monture2-14x12.png 14w, https:\/\/www.hansen-optic.ch\/wp-content\/uploads\/2025\/06\/morel-monture2.png 1144w\" sizes=\"(max-width: 800px) 100vw, 800px\" \/>\t\t\t\t\t\t\t\t\t\t\t\t\t\t\t<\/div>\n\t\t\t\t<\/div>\n\t\t\t\t\t<\/div>\n\t\t<\/div>\n\t\t\t\t<div class=\"elementor-column elementor-col-50 elementor-top-column elementor-element elementor-element-46dd41b\" data-id=\"46dd41b\" data-element_type=\"column\">\n\t\t\t<div class=\"elementor-widget-wrap elementor-element-populated\">\n\t\t\t\t\t\t<div class=\"elementor-element elementor-element-2a2d918 elementor-widget elementor-widget-text-editor\" data-id=\"2a2d918\" data-element_type=\"widget\" data-widget_type=\"text-editor.default\">\n\t\t\t\t<div class=\"elementor-widget-container\">\n\t\t\t\t\t\t\t\t\t<p>MOREL traverse les \u00e9poques et les grands changements avec d\u00e9termination, plus que jamais fier de son pass\u00e9 mais r\u00e9solument tourn\u00e9 vers son avenir\u2026<br \/><br \/>Nous avons la volont\u00e9 sinc\u00e8re d\u2019am\u00e9liorer tout ce qui peut l\u2019\u00eatre et d\u2019avancer dans une d\u00e9marche qui nous tient \u00e0 c\u0153ur : <strong>devenir une entreprise de plus en plus engag\u00e9e et responsable envers les grands enjeux de notre soci\u00e9t\u00e9 et de notre \u00e9poque. <\/strong>Nous ne sommes pas encore parfaits mais nous y travaillons et sommes fiers de partager avec vous nos engagements.<\/p>\t\t\t\t\t\t\t\t<\/div>\n\t\t\t\t<\/div>\n\t\t\t\t\t<\/div>\n\t\t<\/div>\n\t\t\t\t\t<\/div>\n\t\t<\/section>\n\t\t\t\t<\/div>","protected":false},"excerpt":{"rendered":"<p>Pour vivre en harmonie avec la nature, les habitants du Jura ont d\u00e9velopp\u00e9 un double savoir-faire, qu\u2019ils exer\u00e7aient en fonction des saisons. Agriculteurs durant les beaux jours, ils travaillaient les m\u00e9taux pour fabriquer des montures d\u00e8s les premi\u00e8res neiges&#8230;C\u2019est ainsi que l\u2019anc\u00eatre des premi\u00e8res lunettes est n\u00e9 : le pince-nez Pr\u00e9curseur, Jules Morel fut l\u2019un [&hellip;]<\/p>","protected":false},"author":1,"featured_media":3350,"comment_status":"closed","ping_status":"closed","sticky":false,"template":"","format":"standard","meta":{"footnotes":""},"categories":[1],"tags":[],"class_list":["post-3346","post","type-post","status-publish","format-standard","has-post-thumbnail","hentry","category-uncategorized"],"yoast_head":"<!-- This site is optimized with the Yoast SEO plugin v25.8 - https:\/\/yoast.com\/wordpress\/plugins\/seo\/ -->\r\n<title>Morel &#8226; Hansen-Optique SA<\/title>\r\n<meta name=\"robots\" content=\"index, follow, max-snippet:-1, max-image-preview:large, max-video-preview:-1\" \/>\r\n<link rel=\"canonical\" href=\"https:\/\/www.hansen-optic.ch\/de\/uncategorized\/morel\/\" \/>\r\n<meta property=\"og:locale\" content=\"de_DE\" \/>\r\n<meta property=\"og:type\" content=\"article\" \/>\r\n<meta property=\"og:title\" content=\"Morel &#8226; Hansen-Optique SA\" \/>\r\n<meta property=\"og:description\" content=\"Pour vivre en harmonie avec la nature, les habitants du Jura ont d\u00e9velopp\u00e9 un double savoir-faire, qu\u2019ils exer\u00e7aient en fonction des saisons. Agriculteurs durant les beaux jours, ils travaillaient les m\u00e9taux pour fabriquer des montures d\u00e8s les premi\u00e8res neiges&#8230;C\u2019est ainsi que l\u2019anc\u00eatre des premi\u00e8res lunettes est n\u00e9 : le pince-nez Pr\u00e9curseur, Jules Morel fut l\u2019un [&hellip;]\" \/>\r\n<meta property=\"og:url\" content=\"https:\/\/www.hansen-optic.ch\/de\/uncategorized\/morel\/\" \/>\r\n<meta property=\"og:site_name\" content=\"Hansen-Optique SA\" \/>\r\n<meta property=\"article:publisher\" content=\"https:\/\/www.facebook.com\/HansenOptiqueSierre\/\" \/>\r\n<meta property=\"article:published_time\" content=\"2025-06-14T13:29:41+00:00\" \/>\r\n<meta property=\"article:modified_time\" content=\"2025-06-14T13:37:33+00:00\" \/>\r\n<meta property=\"og:image\" content=\"https:\/\/www.hansen-optic.ch\/wp-content\/uploads\/2025\/06\/morel-logorouge.png\" \/>\r\n\t<meta property=\"og:image:width\" content=\"1070\" \/>\r\n\t<meta property=\"og:image:height\" content=\"962\" \/>\r\n\t<meta property=\"og:image:type\" content=\"image\/png\" \/>\r\n<meta name=\"author\" content=\"admin\" \/>\r\n<meta name=\"twitter:card\" content=\"summary_large_image\" \/>\r\n<meta name=\"twitter:label1\" content=\"Verfasst von\" \/>\n\t<meta name=\"twitter:data1\" content=\"admin\" \/>\n\t<meta name=\"twitter:label2\" content=\"Gesch\u00e4tzte Lesezeit\" \/>\n\t<meta name=\"twitter:data2\" content=\"3\u00a0Minuten\" \/>\r\n<script type=\"application\/ld+json\" class=\"yoast-schema-graph\">{\"@context\":\"https:\/\/schema.org\",\"@graph\":[{\"@type\":\"Article\",\"@id\":\"https:\/\/www.hansen-optic.ch\/uncategorized\/morel\/#article\",\"isPartOf\":{\"@id\":\"https:\/\/www.hansen-optic.ch\/uncategorized\/morel\/\"},\"author\":{\"name\":\"admin\",\"@id\":\"https:\/\/www.hansen-optic.ch\/#\/schema\/person\/fd6708d4c6466fbdccbb93bd14b69522\"},\"headline\":\"Morel\",\"datePublished\":\"2025-06-14T13:29:41+00:00\",\"dateModified\":\"2025-06-14T13:37:33+00:00\",\"mainEntityOfPage\":{\"@id\":\"https:\/\/www.hansen-optic.ch\/uncategorized\/morel\/\"},\"wordCount\":278,\"publisher\":{\"@id\":\"https:\/\/www.hansen-optic.ch\/#organization\"},\"image\":{\"@id\":\"https:\/\/www.hansen-optic.ch\/uncategorized\/morel\/#primaryimage\"},\"thumbnailUrl\":\"https:\/\/www.hansen-optic.ch\/wp-content\/uploads\/2025\/06\/morel-logorouge.png\",\"articleSection\":[\"Uncategorized\"],\"inLanguage\":\"de\"},{\"@type\":\"WebPage\",\"@id\":\"https:\/\/www.hansen-optic.ch\/uncategorized\/morel\/\",\"url\":\"https:\/\/www.hansen-optic.ch\/uncategorized\/morel\/\",\"name\":\"Morel &#8226; Hansen-Optique SA\",\"isPartOf\":{\"@id\":\"https:\/\/www.hansen-optic.ch\/#website\"},\"primaryImageOfPage\":{\"@id\":\"https:\/\/www.hansen-optic.ch\/uncategorized\/morel\/#primaryimage\"},\"image\":{\"@id\":\"https:\/\/www.hansen-optic.ch\/uncategorized\/morel\/#primaryimage\"},\"thumbnailUrl\":\"https:\/\/www.hansen-optic.ch\/wp-content\/uploads\/2025\/06\/morel-logorouge.png\",\"datePublished\":\"2025-06-14T13:29:41+00:00\",\"dateModified\":\"2025-06-14T13:37:33+00:00\",\"breadcrumb\":{\"@id\":\"https:\/\/www.hansen-optic.ch\/uncategorized\/morel\/#breadcrumb\"},\"inLanguage\":\"de\",\"potentialAction\":[{\"@type\":\"ReadAction\",\"target\":[\"https:\/\/www.hansen-optic.ch\/uncategorized\/morel\/\"]}]},{\"@type\":\"ImageObject\",\"inLanguage\":\"de\",\"@id\":\"https:\/\/www.hansen-optic.ch\/uncategorized\/morel\/#primaryimage\",\"url\":\"https:\/\/www.hansen-optic.ch\/wp-content\/uploads\/2025\/06\/morel-logorouge.png\",\"contentUrl\":\"https:\/\/www.hansen-optic.ch\/wp-content\/uploads\/2025\/06\/morel-logorouge.png\",\"width\":1070,\"height\":962},{\"@type\":\"BreadcrumbList\",\"@id\":\"https:\/\/www.hansen-optic.ch\/uncategorized\/morel\/#breadcrumb\",\"itemListElement\":[{\"@type\":\"ListItem\",\"position\":1,\"name\":\"Home\",\"item\":\"https:\/\/www.hansen-optic.ch\/\"},{\"@type\":\"ListItem\",\"position\":2,\"name\":\"Morel\"}]},{\"@type\":\"WebSite\",\"@id\":\"https:\/\/www.hansen-optic.ch\/#website\",\"url\":\"https:\/\/www.hansen-optic.ch\/\",\"name\":\"Hansen-Optique SA\",\"description\":\"Qualit\u00e9 | Pr\u00e9cision | Proximit\u00e9 - Voyez mieux, vivez mieux!\",\"publisher\":{\"@id\":\"https:\/\/www.hansen-optic.ch\/#organization\"},\"potentialAction\":[{\"@type\":\"SearchAction\",\"target\":{\"@type\":\"EntryPoint\",\"urlTemplate\":\"https:\/\/www.hansen-optic.ch\/?s={search_term_string}\"},\"query-input\":{\"@type\":\"PropertyValueSpecification\",\"valueRequired\":true,\"valueName\":\"search_term_string\"}}],\"inLanguage\":\"de\"},{\"@type\":\"Organization\",\"@id\":\"https:\/\/www.hansen-optic.ch\/#organization\",\"name\":\"Hansen Optique SA\",\"url\":\"https:\/\/www.hansen-optic.ch\/\",\"logo\":{\"@type\":\"ImageObject\",\"inLanguage\":\"de\",\"@id\":\"https:\/\/www.hansen-optic.ch\/#\/schema\/logo\/image\/\",\"url\":\"https:\/\/www.hansen-optic.ch\/wp-content\/uploads\/2025\/06\/Hansen_optique-lunetterie-sierre.png\",\"contentUrl\":\"https:\/\/www.hansen-optic.ch\/wp-content\/uploads\/2025\/06\/Hansen_optique-lunetterie-sierre.png\",\"width\":1082,\"height\":258,\"caption\":\"Hansen Optique SA\"},\"image\":{\"@id\":\"https:\/\/www.hansen-optic.ch\/#\/schema\/logo\/image\/\"},\"sameAs\":[\"https:\/\/www.facebook.com\/HansenOptiqueSierre\/\",\"https:\/\/www.instagram.com\/hansen_optique_sa\/\"]},{\"@type\":\"Person\",\"@id\":\"https:\/\/www.hansen-optic.ch\/#\/schema\/person\/fd6708d4c6466fbdccbb93bd14b69522\",\"name\":\"admin\",\"image\":{\"@type\":\"ImageObject\",\"inLanguage\":\"de\",\"@id\":\"https:\/\/www.hansen-optic.ch\/#\/schema\/person\/image\/\",\"url\":\"https:\/\/secure.gravatar.com\/avatar\/954f05d308ef9edab2a00891c03ea7134632d97137acfa846d45f5d3c8aa02f0?s=96&d=mm&r=g\",\"contentUrl\":\"https:\/\/secure.gravatar.com\/avatar\/954f05d308ef9edab2a00891c03ea7134632d97137acfa846d45f5d3c8aa02f0?s=96&d=mm&r=g\",\"caption\":\"admin\"}}]}<\/script>\r\n<!-- \/ Yoast SEO plugin. -->","yoast_head_json":{"title":"Morel &#8226; Hansen-Optique SA","robots":{"index":"index","follow":"follow","max-snippet":"max-snippet:-1","max-image-preview":"max-image-preview:large","max-video-preview":"max-video-preview:-1"},"canonical":"https:\/\/www.hansen-optic.ch\/de\/uncategorized\/morel\/","og_locale":"de_DE","og_type":"article","og_title":"Morel &#8226; Hansen-Optique SA","og_description":"Pour vivre en harmonie avec la nature, les habitants du Jura ont d\u00e9velopp\u00e9 un double savoir-faire, qu\u2019ils exer\u00e7aient en fonction des saisons. Agriculteurs durant les beaux jours, ils travaillaient les m\u00e9taux pour fabriquer des montures d\u00e8s les premi\u00e8res neiges&#8230;C\u2019est ainsi que l\u2019anc\u00eatre des premi\u00e8res lunettes est n\u00e9 : le pince-nez Pr\u00e9curseur, Jules Morel fut l\u2019un [&hellip;]","og_url":"https:\/\/www.hansen-optic.ch\/de\/uncategorized\/morel\/","og_site_name":"Hansen-Optique SA","article_publisher":"https:\/\/www.facebook.com\/HansenOptiqueSierre\/","article_published_time":"2025-06-14T13:29:41+00:00","article_modified_time":"2025-06-14T13:37:33+00:00","og_image":[{"width":1070,"height":962,"url":"https:\/\/www.hansen-optic.ch\/wp-content\/uploads\/2025\/06\/morel-logorouge.png","type":"image\/png"}],"author":"admin","twitter_card":"summary_large_image","twitter_misc":{"Verfasst von":"admin","Gesch\u00e4tzte Lesezeit":"3\u00a0Minuten"},"schema":{"@context":"https:\/\/schema.org","@graph":[{"@type":"Article","@id":"https:\/\/www.hansen-optic.ch\/uncategorized\/morel\/#article","isPartOf":{"@id":"https:\/\/www.hansen-optic.ch\/uncategorized\/morel\/"},"author":{"name":"admin","@id":"https:\/\/www.hansen-optic.ch\/#\/schema\/person\/fd6708d4c6466fbdccbb93bd14b69522"},"headline":"Morel","datePublished":"2025-06-14T13:29:41+00:00","dateModified":"2025-06-14T13:37:33+00:00","mainEntityOfPage":{"@id":"https:\/\/www.hansen-optic.ch\/uncategorized\/morel\/"},"wordCount":278,"publisher":{"@id":"https:\/\/www.hansen-optic.ch\/#organization"},"image":{"@id":"https:\/\/www.hansen-optic.ch\/uncategorized\/morel\/#primaryimage"},"thumbnailUrl":"https:\/\/www.hansen-optic.ch\/wp-content\/uploads\/2025\/06\/morel-logorouge.png","articleSection":["Uncategorized"],"inLanguage":"de"},{"@type":"WebPage","@id":"https:\/\/www.hansen-optic.ch\/uncategorized\/morel\/","url":"https:\/\/www.hansen-optic.ch\/uncategorized\/morel\/","name":"Morel &#8226; Hansen-Optique SA","isPartOf":{"@id":"https:\/\/www.hansen-optic.ch\/#website"},"primaryImageOfPage":{"@id":"https:\/\/www.hansen-optic.ch\/uncategorized\/morel\/#primaryimage"},"image":{"@id":"https:\/\/www.hansen-optic.ch\/uncategorized\/morel\/#primaryimage"},"thumbnailUrl":"https:\/\/www.hansen-optic.ch\/wp-content\/uploads\/2025\/06\/morel-logorouge.png","datePublished":"2025-06-14T13:29:41+00:00","dateModified":"2025-06-14T13:37:33+00:00","breadcrumb":{"@id":"https:\/\/www.hansen-optic.ch\/uncategorized\/morel\/#breadcrumb"},"inLanguage":"de","potentialAction":[{"@type":"ReadAction","target":["https:\/\/www.hansen-optic.ch\/uncategorized\/morel\/"]}]},{"@type":"ImageObject","inLanguage":"de","@id":"https:\/\/www.hansen-optic.ch\/uncategorized\/morel\/#primaryimage","url":"https:\/\/www.hansen-optic.ch\/wp-content\/uploads\/2025\/06\/morel-logorouge.png","contentUrl":"https:\/\/www.hansen-optic.ch\/wp-content\/uploads\/2025\/06\/morel-logorouge.png","width":1070,"height":962},{"@type":"BreadcrumbList","@id":"https:\/\/www.hansen-optic.ch\/uncategorized\/morel\/#breadcrumb","itemListElement":[{"@type":"ListItem","position":1,"name":"Home","item":"https:\/\/www.hansen-optic.ch\/"},{"@type":"ListItem","position":2,"name":"Morel"}]},{"@type":"WebSite","@id":"https:\/\/www.hansen-optic.ch\/#website","url":"https:\/\/www.hansen-optic.ch\/","name":"Hansen-Optique SA","description":"Qualit\u00e9 | Pr\u00e9cision | Proximit\u00e9 - Voyez mieux, vivez mieux!","publisher":{"@id":"https:\/\/www.hansen-optic.ch\/#organization"},"potentialAction":[{"@type":"SearchAction","target":{"@type":"EntryPoint","urlTemplate":"https:\/\/www.hansen-optic.ch\/?s={search_term_string}"},"query-input":{"@type":"PropertyValueSpecification","valueRequired":true,"valueName":"search_term_string"}}],"inLanguage":"de"},{"@type":"Organization","@id":"https:\/\/www.hansen-optic.ch\/#organization","name":"Hansen Optique SA","url":"https:\/\/www.hansen-optic.ch\/","logo":{"@type":"ImageObject","inLanguage":"de","@id":"https:\/\/www.hansen-optic.ch\/#\/schema\/logo\/image\/","url":"https:\/\/www.hansen-optic.ch\/wp-content\/uploads\/2025\/06\/Hansen_optique-lunetterie-sierre.png","contentUrl":"https:\/\/www.hansen-optic.ch\/wp-content\/uploads\/2025\/06\/Hansen_optique-lunetterie-sierre.png","width":1082,"height":258,"caption":"Hansen Optique SA"},"image":{"@id":"https:\/\/www.hansen-optic.ch\/#\/schema\/logo\/image\/"},"sameAs":["https:\/\/www.facebook.com\/HansenOptiqueSierre\/","https:\/\/www.instagram.com\/hansen_optique_sa\/"]},{"@type":"Person","@id":"https:\/\/www.hansen-optic.ch\/#\/schema\/person\/fd6708d4c6466fbdccbb93bd14b69522","name":"admin","image":{"@type":"ImageObject","inLanguage":"de","@id":"https:\/\/www.hansen-optic.ch\/#\/schema\/person\/image\/","url":"https:\/\/secure.gravatar.com\/avatar\/954f05d308ef9edab2a00891c03ea7134632d97137acfa846d45f5d3c8aa02f0?s=96&d=mm&r=g","contentUrl":"https:\/\/secure.gravatar.com\/avatar\/954f05d308ef9edab2a00891c03ea7134632d97137acfa846d45f5d3c8aa02f0?s=96&d=mm&r=g","caption":"admin"}}]}},"_links":{"self":[{"href":"https:\/\/www.hansen-optic.ch\/de\/wp-json\/wp\/v2\/posts\/3346","targetHints":{"allow":["GET"]}}],"collection":[{"href":"https:\/\/www.hansen-optic.ch\/de\/wp-json\/wp\/v2\/posts"}],"about":[{"href":"https:\/\/www.hansen-optic.ch\/de\/wp-json\/wp\/v2\/types\/post"}],"author":[{"embeddable":true,"href":"https:\/\/www.hansen-optic.ch\/de\/wp-json\/wp\/v2\/users\/1"}],"replies":[{"embeddable":true,"href":"https:\/\/www.hansen-optic.ch\/de\/wp-json\/wp\/v2\/comments?post=3346"}],"version-history":[{"count":3,"href":"https:\/\/www.hansen-optic.ch\/de\/wp-json\/wp\/v2\/posts\/3346\/revisions"}],"predecessor-version":[{"id":3349,"href":"https:\/\/www.hansen-optic.ch\/de\/wp-json\/wp\/v2\/posts\/3346\/revisions\/3349"}],"wp:featuredmedia":[{"embeddable":true,"href":"https:\/\/www.hansen-optic.ch\/de\/wp-json\/wp\/v2\/media\/3350"}],"wp:attachment":[{"href":"https:\/\/www.hansen-optic.ch\/de\/wp-json\/wp\/v2\/media?parent=3346"}],"wp:term":[{"taxonomy":"category","embeddable":true,"href":"https:\/\/www.hansen-optic.ch\/de\/wp-json\/wp\/v2\/categories?post=3346"},{"taxonomy":"post_tag","embeddable":true,"href":"https:\/\/www.hansen-optic.ch\/de\/wp-json\/wp\/v2\/tags?post=3346"}],"curies":[{"name":"wp","href":"https:\/\/api.w.org\/{rel}","templated":true}]}}