{"id":671,"date":"2020-07-15T06:41:21","date_gmt":"2020-07-15T06:41:21","guid":{"rendered":"http:\/\/www.hansen-optic.ch\/?p=671"},"modified":"2021-01-17T18:42:40","modified_gmt":"2021-01-17T18:42:40","slug":"paul-joe","status":"publish","type":"post","link":"https:\/\/www.hansen-optic.ch\/de\/actualites\/paul-joe\/","title":{"rendered":"Paul &#038; Joe"},"content":{"rendered":"<div data-elementor-type=\"wp-post\" data-elementor-id=\"671\" class=\"elementor elementor-671\" data-elementor-post-type=\"post\">\n\t\t\t\t\t\t<section class=\"elementor-section elementor-top-section elementor-element elementor-element-6282bac6 elementor-section-boxed elementor-section-height-default elementor-section-height-default\" data-id=\"6282bac6\" data-element_type=\"section\">\n\t\t\t\t\t\t<div class=\"elementor-container elementor-column-gap-default\">\n\t\t\t\t\t<div class=\"elementor-column elementor-col-100 elementor-top-column elementor-element elementor-element-79337cae\" data-id=\"79337cae\" data-element_type=\"column\">\n\t\t\t<div class=\"elementor-widget-wrap elementor-element-populated\">\n\t\t\t\t\t\t<section class=\"elementor-section elementor-inner-section elementor-element elementor-element-d9ac2d5 elementor-section-boxed elementor-section-height-default elementor-section-height-default\" data-id=\"d9ac2d5\" data-element_type=\"section\">\n\t\t\t\t\t\t<div class=\"elementor-container elementor-column-gap-default\">\n\t\t\t\t\t<div class=\"elementor-column elementor-col-50 elementor-inner-column elementor-element elementor-element-5b3e00f\" data-id=\"5b3e00f\" data-element_type=\"column\">\n\t\t\t<div class=\"elementor-widget-wrap elementor-element-populated\">\n\t\t\t\t\t\t<div class=\"elementor-element elementor-element-31dd342 elementor-widget elementor-widget-image\" data-id=\"31dd342\" data-element_type=\"widget\" data-widget_type=\"image.default\">\n\t\t\t\t<div class=\"elementor-widget-container\">\n\t\t\t\t\t\t\t\t\t\t\t\t\t\t\t<img fetchpriority=\"high\" decoding=\"async\" width=\"450\" height=\"609\" src=\"https:\/\/www.hansen-optic.ch\/wp-content\/uploads\/uploads\/2020\/07\/Capture-de\u0301cran-2020-11-21-a\u0300-15.32.06.png\" class=\"attachment-large size-large wp-image-1607\" alt=\"\" srcset=\"https:\/\/www.hansen-optic.ch\/wp-content\/uploads\/2020\/07\/Capture-de\u0301cran-2020-11-21-a\u0300-15.32.06.png 450w, https:\/\/www.hansen-optic.ch\/wp-content\/uploads\/2020\/07\/Capture-de\u0301cran-2020-11-21-a\u0300-15.32.06-222x300.png 222w, https:\/\/www.hansen-optic.ch\/wp-content\/uploads\/2020\/07\/Capture-de\u0301cran-2020-11-21-a\u0300-15.32.06-9x12.png 9w\" sizes=\"(max-width: 450px) 100vw, 450px\" \/>\t\t\t\t\t\t\t\t\t\t\t\t\t\t\t<\/div>\n\t\t\t\t<\/div>\n\t\t\t\t\t<\/div>\n\t\t<\/div>\n\t\t\t\t<div class=\"elementor-column elementor-col-50 elementor-inner-column elementor-element elementor-element-1d520d3\" data-id=\"1d520d3\" data-element_type=\"column\">\n\t\t\t<div class=\"elementor-widget-wrap elementor-element-populated\">\n\t\t\t\t\t\t<div class=\"elementor-element elementor-element-6074b58b elementor-widget elementor-widget-text-editor\" data-id=\"6074b58b\" data-element_type=\"widget\" data-widget_type=\"text-editor.default\">\n\t\t\t\t<div class=\"elementor-widget-container\">\n\t\t\t\t\t\t\t\t\t\n<p>Sophie a du go\u00fbt, elle voyage, elle est curieuse, elle aime s&rsquo;amuser. Elle a du style, elle a du chien. Paul &amp; Joe, c&rsquo;est avant tout un \u00e9tat d&rsquo;esprit : fashion, mais pas victime, complice, spontan\u00e9ment \u00e9l\u00e9gant, happy.<\/p>\n\n<p>C&rsquo;est dans les ann\u00e9es 80 que les parents de Sophie fondent la marque de chemise Le Garage, incontournable \u00e0 cette \u00e9poque. Sa passion pour la mode est en train de na\u00eetre. Mais Sophie a l&rsquo;\u00e2me d&rsquo;une entrepreneuse et lance tr\u00e8s vite sa propre marque au nom de ses deux fils : Paul &amp; Joe. Anticipant les demandes \u00e0 venir du march\u00e9, elle rompt avec les codes et les go\u00fbts du moment (black &amp; white, minimalisme, grunge). Sa mode est jeune, fun, dynamique, color\u00e9e, redonnant vie \u00e0 un vestiaire monochrome, elle pioche et revisite l&rsquo;esprit vintage. Succ\u00e8s imm\u00e9diat. La roue est lanc\u00e9e. Paul &amp; Joe grandit en cultivant sa fra\u00eecheur, sa joie de vivre, sa spontan\u00e9it\u00e9 et son esprit cosmopolite.<\/p>\n\n<p>Lanc\u00e9es en 2009, les lunettes et lunettes de soleil Paul &amp; Joe pour femme, homme et enfants (en 2012) ont rencontr\u00e9 un succ\u00e8s foudroyant, en France comme \u00e0 l&rsquo;\u00e9tranger. L&rsquo;esprit Paul &amp; Joe jusqu&rsquo;au bout du nez.<\/p>\n\t\t\t\t\t\t\t\t<\/div>\n\t\t\t\t<\/div>\n\t\t\t\t\t<\/div>\n\t\t<\/div>\n\t\t\t\t\t<\/div>\n\t\t<\/section>\n\t\t\t\t\t<\/div>\n\t\t<\/div>\n\t\t\t\t\t<\/div>\n\t\t<\/section>\n\t\t\t\t<\/div>","protected":false},"excerpt":{"rendered":"<p>Un apport d&rsquo;air frais et insouciant dans le pur style des ann\u00e9es 70.<\/p>","protected":false},"author":1,"featured_media":1606,"comment_status":"closed","ping_status":"open","sticky":false,"template":"","format":"standard","meta":{"footnotes":""},"categories":[6,23],"tags":[],"class_list":["post-671","post","type-post","status-publish","format-standard","has-post-thumbnail","hentry","category-actualites","category-archives"],"yoast_head":"<!-- This site is optimized with the Yoast SEO plugin v25.8 - https:\/\/yoast.com\/wordpress\/plugins\/seo\/ -->\r\n<title>Paul &amp; Joe &#8226; Hansen-Optique SA<\/title>\r\n<meta name=\"robots\" content=\"index, follow, max-snippet:-1, max-image-preview:large, max-video-preview:-1\" \/>\r\n<link rel=\"canonical\" href=\"https:\/\/www.hansen-optic.ch\/de\/actualites\/paul-joe\/\" \/>\r\n<meta property=\"og:locale\" content=\"de_DE\" \/>\r\n<meta property=\"og:type\" content=\"article\" \/>\r\n<meta property=\"og:title\" content=\"Paul &amp; Joe &#8226; Hansen-Optique SA\" \/>\r\n<meta property=\"og:description\" content=\"Un apport d&#039;air frais et insouciant dans le pur style des ann\u00e9es 70.\" \/>\r\n<meta property=\"og:url\" content=\"https:\/\/www.hansen-optic.ch\/de\/actualites\/paul-joe\/\" \/>\r\n<meta property=\"og:site_name\" content=\"Hansen-Optique SA\" \/>\r\n<meta property=\"article:publisher\" content=\"https:\/\/www.facebook.com\/HansenOptiqueSierre\/\" \/>\r\n<meta property=\"article:published_time\" content=\"2020-07-15T06:41:21+00:00\" \/>\r\n<meta property=\"article:modified_time\" content=\"2021-01-17T18:42:40+00:00\" \/>\r\n<meta property=\"og:image\" content=\"https:\/\/www.hansen-optic.ch\/wp-content\/uploads\/2020\/07\/Capture-de\u0301cran-2020-11-21-a\u0300-15.28.45.png\" \/>\r\n\t<meta property=\"og:image:width\" content=\"573\" \/>\r\n\t<meta property=\"og:image:height\" content=\"450\" \/>\r\n\t<meta property=\"og:image:type\" content=\"image\/png\" \/>\r\n<meta name=\"author\" content=\"admin\" \/>\r\n<meta name=\"twitter:card\" content=\"summary_large_image\" \/>\r\n<meta name=\"twitter:label1\" content=\"Verfasst von\" \/>\n\t<meta name=\"twitter:data1\" content=\"admin\" \/>\n\t<meta name=\"twitter:label2\" content=\"Gesch\u00e4tzte Lesezeit\" \/>\n\t<meta name=\"twitter:data2\" content=\"1\u00a0Minute\" \/>\r\n<script type=\"application\/ld+json\" class=\"yoast-schema-graph\">{\"@context\":\"https:\/\/schema.org\",\"@graph\":[{\"@type\":\"Article\",\"@id\":\"https:\/\/www.hansen-optic.ch\/actualites\/paul-joe\/#article\",\"isPartOf\":{\"@id\":\"https:\/\/www.hansen-optic.ch\/actualites\/paul-joe\/\"},\"author\":{\"name\":\"admin\",\"@id\":\"https:\/\/www.hansen-optic.ch\/#\/schema\/person\/fd6708d4c6466fbdccbb93bd14b69522\"},\"headline\":\"Paul &#038; Joe\",\"datePublished\":\"2020-07-15T06:41:21+00:00\",\"dateModified\":\"2021-01-17T18:42:40+00:00\",\"mainEntityOfPage\":{\"@id\":\"https:\/\/www.hansen-optic.ch\/actualites\/paul-joe\/\"},\"wordCount\":212,\"publisher\":{\"@id\":\"https:\/\/www.hansen-optic.ch\/#organization\"},\"image\":{\"@id\":\"https:\/\/www.hansen-optic.ch\/actualites\/paul-joe\/#primaryimage\"},\"thumbnailUrl\":\"https:\/\/www.hansen-optic.ch\/wp-content\/uploads\/uploads\/2020\/07\/Capture-de\u0301cran-2020-11-21-a\u0300-15.28.45.png\",\"articleSection\":[\"Actualit\u00e9s\",\"Archives\"],\"inLanguage\":\"de\"},{\"@type\":\"WebPage\",\"@id\":\"https:\/\/www.hansen-optic.ch\/actualites\/paul-joe\/\",\"url\":\"https:\/\/www.hansen-optic.ch\/actualites\/paul-joe\/\",\"name\":\"Paul & Joe &#8226; Hansen-Optique SA\",\"isPartOf\":{\"@id\":\"https:\/\/www.hansen-optic.ch\/#website\"},\"primaryImageOfPage\":{\"@id\":\"https:\/\/www.hansen-optic.ch\/actualites\/paul-joe\/#primaryimage\"},\"image\":{\"@id\":\"https:\/\/www.hansen-optic.ch\/actualites\/paul-joe\/#primaryimage\"},\"thumbnailUrl\":\"https:\/\/www.hansen-optic.ch\/wp-content\/uploads\/uploads\/2020\/07\/Capture-de\u0301cran-2020-11-21-a\u0300-15.28.45.png\",\"datePublished\":\"2020-07-15T06:41:21+00:00\",\"dateModified\":\"2021-01-17T18:42:40+00:00\",\"breadcrumb\":{\"@id\":\"https:\/\/www.hansen-optic.ch\/actualites\/paul-joe\/#breadcrumb\"},\"inLanguage\":\"de\",\"potentialAction\":[{\"@type\":\"ReadAction\",\"target\":[\"https:\/\/www.hansen-optic.ch\/actualites\/paul-joe\/\"]}]},{\"@type\":\"ImageObject\",\"inLanguage\":\"de\",\"@id\":\"https:\/\/www.hansen-optic.ch\/actualites\/paul-joe\/#primaryimage\",\"url\":\"https:\/\/www.hansen-optic.ch\/wp-content\/uploads\/uploads\/2020\/07\/Capture-de\u0301cran-2020-11-21-a\u0300-15.28.45.png\",\"contentUrl\":\"https:\/\/www.hansen-optic.ch\/wp-content\/uploads\/uploads\/2020\/07\/Capture-de\u0301cran-2020-11-21-a\u0300-15.28.45.png\",\"width\":573,\"height\":450},{\"@type\":\"BreadcrumbList\",\"@id\":\"https:\/\/www.hansen-optic.ch\/actualites\/paul-joe\/#breadcrumb\",\"itemListElement\":[{\"@type\":\"ListItem\",\"position\":1,\"name\":\"Home\",\"item\":\"https:\/\/www.hansen-optic.ch\/\"},{\"@type\":\"ListItem\",\"position\":2,\"name\":\"Paul &#038; Joe\"}]},{\"@type\":\"WebSite\",\"@id\":\"https:\/\/www.hansen-optic.ch\/#website\",\"url\":\"https:\/\/www.hansen-optic.ch\/\",\"name\":\"Hansen-Optique SA\",\"description\":\"Qualit\u00e9 | Pr\u00e9cision | Proximit\u00e9 - Voyez mieux, vivez mieux!\",\"publisher\":{\"@id\":\"https:\/\/www.hansen-optic.ch\/#organization\"},\"potentialAction\":[{\"@type\":\"SearchAction\",\"target\":{\"@type\":\"EntryPoint\",\"urlTemplate\":\"https:\/\/www.hansen-optic.ch\/?s={search_term_string}\"},\"query-input\":{\"@type\":\"PropertyValueSpecification\",\"valueRequired\":true,\"valueName\":\"search_term_string\"}}],\"inLanguage\":\"de\"},{\"@type\":\"Organization\",\"@id\":\"https:\/\/www.hansen-optic.ch\/#organization\",\"name\":\"Hansen Optique SA\",\"url\":\"https:\/\/www.hansen-optic.ch\/\",\"logo\":{\"@type\":\"ImageObject\",\"inLanguage\":\"de\",\"@id\":\"https:\/\/www.hansen-optic.ch\/#\/schema\/logo\/image\/\",\"url\":\"https:\/\/www.hansen-optic.ch\/wp-content\/uploads\/2025\/06\/Hansen_optique-lunetterie-sierre.png\",\"contentUrl\":\"https:\/\/www.hansen-optic.ch\/wp-content\/uploads\/2025\/06\/Hansen_optique-lunetterie-sierre.png\",\"width\":1082,\"height\":258,\"caption\":\"Hansen Optique SA\"},\"image\":{\"@id\":\"https:\/\/www.hansen-optic.ch\/#\/schema\/logo\/image\/\"},\"sameAs\":[\"https:\/\/www.facebook.com\/HansenOptiqueSierre\/\",\"https:\/\/www.instagram.com\/hansen_optique_sa\/\"]},{\"@type\":\"Person\",\"@id\":\"https:\/\/www.hansen-optic.ch\/#\/schema\/person\/fd6708d4c6466fbdccbb93bd14b69522\",\"name\":\"admin\",\"image\":{\"@type\":\"ImageObject\",\"inLanguage\":\"de\",\"@id\":\"https:\/\/www.hansen-optic.ch\/#\/schema\/person\/image\/\",\"url\":\"https:\/\/secure.gravatar.com\/avatar\/954f05d308ef9edab2a00891c03ea7134632d97137acfa846d45f5d3c8aa02f0?s=96&d=mm&r=g\",\"contentUrl\":\"https:\/\/secure.gravatar.com\/avatar\/954f05d308ef9edab2a00891c03ea7134632d97137acfa846d45f5d3c8aa02f0?s=96&d=mm&r=g\",\"caption\":\"admin\"}}]}<\/script>\r\n<!-- \/ Yoast SEO plugin. -->","yoast_head_json":{"title":"Paul & Joe &#8226; Hansen-Optique SA","robots":{"index":"index","follow":"follow","max-snippet":"max-snippet:-1","max-image-preview":"max-image-preview:large","max-video-preview":"max-video-preview:-1"},"canonical":"https:\/\/www.hansen-optic.ch\/de\/actualites\/paul-joe\/","og_locale":"de_DE","og_type":"article","og_title":"Paul & Joe &#8226; Hansen-Optique SA","og_description":"Un apport d'air frais et insouciant dans le pur style des ann\u00e9es 70.","og_url":"https:\/\/www.hansen-optic.ch\/de\/actualites\/paul-joe\/","og_site_name":"Hansen-Optique SA","article_publisher":"https:\/\/www.facebook.com\/HansenOptiqueSierre\/","article_published_time":"2020-07-15T06:41:21+00:00","article_modified_time":"2021-01-17T18:42:40+00:00","og_image":[{"width":573,"height":450,"url":"https:\/\/www.hansen-optic.ch\/wp-content\/uploads\/2020\/07\/Capture-de\u0301cran-2020-11-21-a\u0300-15.28.45.png","type":"image\/png"}],"author":"admin","twitter_card":"summary_large_image","twitter_misc":{"Verfasst von":"admin","Gesch\u00e4tzte Lesezeit":"1\u00a0Minute"},"schema":{"@context":"https:\/\/schema.org","@graph":[{"@type":"Article","@id":"https:\/\/www.hansen-optic.ch\/actualites\/paul-joe\/#article","isPartOf":{"@id":"https:\/\/www.hansen-optic.ch\/actualites\/paul-joe\/"},"author":{"name":"admin","@id":"https:\/\/www.hansen-optic.ch\/#\/schema\/person\/fd6708d4c6466fbdccbb93bd14b69522"},"headline":"Paul &#038; Joe","datePublished":"2020-07-15T06:41:21+00:00","dateModified":"2021-01-17T18:42:40+00:00","mainEntityOfPage":{"@id":"https:\/\/www.hansen-optic.ch\/actualites\/paul-joe\/"},"wordCount":212,"publisher":{"@id":"https:\/\/www.hansen-optic.ch\/#organization"},"image":{"@id":"https:\/\/www.hansen-optic.ch\/actualites\/paul-joe\/#primaryimage"},"thumbnailUrl":"https:\/\/www.hansen-optic.ch\/wp-content\/uploads\/uploads\/2020\/07\/Capture-de\u0301cran-2020-11-21-a\u0300-15.28.45.png","articleSection":["Actualit\u00e9s","Archives"],"inLanguage":"de"},{"@type":"WebPage","@id":"https:\/\/www.hansen-optic.ch\/actualites\/paul-joe\/","url":"https:\/\/www.hansen-optic.ch\/actualites\/paul-joe\/","name":"Paul & Joe &#8226; Hansen-Optique SA","isPartOf":{"@id":"https:\/\/www.hansen-optic.ch\/#website"},"primaryImageOfPage":{"@id":"https:\/\/www.hansen-optic.ch\/actualites\/paul-joe\/#primaryimage"},"image":{"@id":"https:\/\/www.hansen-optic.ch\/actualites\/paul-joe\/#primaryimage"},"thumbnailUrl":"https:\/\/www.hansen-optic.ch\/wp-content\/uploads\/uploads\/2020\/07\/Capture-de\u0301cran-2020-11-21-a\u0300-15.28.45.png","datePublished":"2020-07-15T06:41:21+00:00","dateModified":"2021-01-17T18:42:40+00:00","breadcrumb":{"@id":"https:\/\/www.hansen-optic.ch\/actualites\/paul-joe\/#breadcrumb"},"inLanguage":"de","potentialAction":[{"@type":"ReadAction","target":["https:\/\/www.hansen-optic.ch\/actualites\/paul-joe\/"]}]},{"@type":"ImageObject","inLanguage":"de","@id":"https:\/\/www.hansen-optic.ch\/actualites\/paul-joe\/#primaryimage","url":"https:\/\/www.hansen-optic.ch\/wp-content\/uploads\/uploads\/2020\/07\/Capture-de\u0301cran-2020-11-21-a\u0300-15.28.45.png","contentUrl":"https:\/\/www.hansen-optic.ch\/wp-content\/uploads\/uploads\/2020\/07\/Capture-de\u0301cran-2020-11-21-a\u0300-15.28.45.png","width":573,"height":450},{"@type":"BreadcrumbList","@id":"https:\/\/www.hansen-optic.ch\/actualites\/paul-joe\/#breadcrumb","itemListElement":[{"@type":"ListItem","position":1,"name":"Home","item":"https:\/\/www.hansen-optic.ch\/"},{"@type":"ListItem","position":2,"name":"Paul &#038; Joe"}]},{"@type":"WebSite","@id":"https:\/\/www.hansen-optic.ch\/#website","url":"https:\/\/www.hansen-optic.ch\/","name":"Hansen-Optique SA","description":"Qualit\u00e9 | Pr\u00e9cision | Proximit\u00e9 - Voyez mieux, vivez mieux!","publisher":{"@id":"https:\/\/www.hansen-optic.ch\/#organization"},"potentialAction":[{"@type":"SearchAction","target":{"@type":"EntryPoint","urlTemplate":"https:\/\/www.hansen-optic.ch\/?s={search_term_string}"},"query-input":{"@type":"PropertyValueSpecification","valueRequired":true,"valueName":"search_term_string"}}],"inLanguage":"de"},{"@type":"Organization","@id":"https:\/\/www.hansen-optic.ch\/#organization","name":"Hansen Optique SA","url":"https:\/\/www.hansen-optic.ch\/","logo":{"@type":"ImageObject","inLanguage":"de","@id":"https:\/\/www.hansen-optic.ch\/#\/schema\/logo\/image\/","url":"https:\/\/www.hansen-optic.ch\/wp-content\/uploads\/2025\/06\/Hansen_optique-lunetterie-sierre.png","contentUrl":"https:\/\/www.hansen-optic.ch\/wp-content\/uploads\/2025\/06\/Hansen_optique-lunetterie-sierre.png","width":1082,"height":258,"caption":"Hansen Optique SA"},"image":{"@id":"https:\/\/www.hansen-optic.ch\/#\/schema\/logo\/image\/"},"sameAs":["https:\/\/www.facebook.com\/HansenOptiqueSierre\/","https:\/\/www.instagram.com\/hansen_optique_sa\/"]},{"@type":"Person","@id":"https:\/\/www.hansen-optic.ch\/#\/schema\/person\/fd6708d4c6466fbdccbb93bd14b69522","name":"admin","image":{"@type":"ImageObject","inLanguage":"de","@id":"https:\/\/www.hansen-optic.ch\/#\/schema\/person\/image\/","url":"https:\/\/secure.gravatar.com\/avatar\/954f05d308ef9edab2a00891c03ea7134632d97137acfa846d45f5d3c8aa02f0?s=96&d=mm&r=g","contentUrl":"https:\/\/secure.gravatar.com\/avatar\/954f05d308ef9edab2a00891c03ea7134632d97137acfa846d45f5d3c8aa02f0?s=96&d=mm&r=g","caption":"admin"}}]}},"_links":{"self":[{"href":"https:\/\/www.hansen-optic.ch\/de\/wp-json\/wp\/v2\/posts\/671","targetHints":{"allow":["GET"]}}],"collection":[{"href":"https:\/\/www.hansen-optic.ch\/de\/wp-json\/wp\/v2\/posts"}],"about":[{"href":"https:\/\/www.hansen-optic.ch\/de\/wp-json\/wp\/v2\/types\/post"}],"author":[{"embeddable":true,"href":"https:\/\/www.hansen-optic.ch\/de\/wp-json\/wp\/v2\/users\/1"}],"replies":[{"embeddable":true,"href":"https:\/\/www.hansen-optic.ch\/de\/wp-json\/wp\/v2\/comments?post=671"}],"version-history":[{"count":5,"href":"https:\/\/www.hansen-optic.ch\/de\/wp-json\/wp\/v2\/posts\/671\/revisions"}],"predecessor-version":[{"id":1610,"href":"https:\/\/www.hansen-optic.ch\/de\/wp-json\/wp\/v2\/posts\/671\/revisions\/1610"}],"wp:featuredmedia":[{"embeddable":true,"href":"https:\/\/www.hansen-optic.ch\/de\/wp-json\/wp\/v2\/media\/1606"}],"wp:attachment":[{"href":"https:\/\/www.hansen-optic.ch\/de\/wp-json\/wp\/v2\/media?parent=671"}],"wp:term":[{"taxonomy":"category","embeddable":true,"href":"https:\/\/www.hansen-optic.ch\/de\/wp-json\/wp\/v2\/categories?post=671"},{"taxonomy":"post_tag","embeddable":true,"href":"https:\/\/www.hansen-optic.ch\/de\/wp-json\/wp\/v2\/tags?post=671"}],"curies":[{"name":"wp","href":"https:\/\/api.w.org\/{rel}","templated":true}]}}